
{"id":9428,"date":"2008-01-11T15:58:00","date_gmt":"2008-01-11T15:58:00","guid":{"rendered":"http:\/\/adamczewscy.pl\/?p=1472"},"modified":"2008-01-11T15:58:00","modified_gmt":"2008-01-11T15:58:00","slug":"sos-polski-do-mies","status":"publish","type":"post","link":"https:\/\/blog.polityka.pl\/adamczewski\/2008\/01\/11\/sos-polski-do-mies\/","title":{"rendered":"Sos polski do mi\u0119s"},"content":{"rendered":"<p>3 jaja, 3 cytryny, 1\/4 l \u015bmietany, 2 p\u0119czki szczypiorku,<br \/>\n1 cebula, 1 \u0142y\u017cka natki pietruszki, 1 \u0142y\u017cka tartego chrzanu, majonez, s\u00f3l, cukier puder<\/p>\n<p>Utrze\u0107 \u017c\u00f3\u0142tka ugotowanych na twardo jaj z sokiem cytrynowym. Rozprowadzi\u0107 mas\u0119 w lekko kwa\u015bnej \u015bmietanie z dodatkiem majonezu (3\/4 \u015bmietany \u0096 1\/4 majonezu). Posieka\u0107 szczypiorek, na\u0107 pietruszki i p\u00f3\u0142 cebuli. Doda\u0107 \u0142y\u017ceczk\u0119 \u015bwie\u017co utartego chrzanu. Posoli\u0107 i dosypa\u0107 szczypt\u0119 cukru pudru. Na koniec bardzo drobno pokroi\u0107 bia\u0142ko jaj i doda\u0107 do sosu. Odstawi\u0107 sosjerk\u0119 w ch\u0142odne miejsce.<\/p>\n","protected":false},"excerpt":{"rendered":"<p>3 jaja, 3 cytryny, 1\/4 l \u015bmietany, 2 p\u0119czki szczypiorku, 1 cebula, 1 \u0142y\u017cka natki pietruszki, 1 \u0142y\u017cka tartego chrzanu, majonez, s\u00f3l, cukier puder Utrze\u0107 \u017c\u00f3\u0142tka ugotowanych na twardo jaj z sokiem cytrynowym. Rozprowadzi\u0107 mas\u0119 w lekko kwa\u015bnej \u015bmietanie z dodatkiem majonezu (3\/4 \u015bmietany \u0096 1\/4 majonezu). Posieka\u0107 szczypiorek, na\u0107 pietruszki i p\u00f3\u0142 cebuli. Doda\u0107 [&hellip;]<\/p>\n","protected":false},"author":2,"featured_media":0,"comment_status":"open","ping_status":"open","sticky":false,"template":"","format":"standard","meta":{"footnotes":""},"categories":[1],"tags":[],"_links":{"self":[{"href":"https:\/\/blog.polityka.pl\/adamczewski\/wp-json\/wp\/v2\/posts\/9428"}],"collection":[{"href":"https:\/\/blog.polityka.pl\/adamczewski\/wp-json\/wp\/v2\/posts"}],"about":[{"href":"https:\/\/blog.polityka.pl\/adamczewski\/wp-json\/wp\/v2\/types\/post"}],"author":[{"embeddable":true,"href":"https:\/\/blog.polityka.pl\/adamczewski\/wp-json\/wp\/v2\/users\/2"}],"replies":[{"embeddable":true,"href":"https:\/\/blog.polityka.pl\/adamczewski\/wp-json\/wp\/v2\/comments?post=9428"}],"version-history":[{"count":0,"href":"https:\/\/blog.polityka.pl\/adamczewski\/wp-json\/wp\/v2\/posts\/9428\/revisions"}],"wp:attachment":[{"href":"https:\/\/blog.polityka.pl\/adamczewski\/wp-json\/wp\/v2\/media?parent=9428"}],"wp:term":[{"taxonomy":"category","embeddable":true,"href":"https:\/\/blog.polityka.pl\/adamczewski\/wp-json\/wp\/v2\/categories?post=9428"},{"taxonomy":"post_tag","embeddable":true,"href":"https:\/\/blog.polityka.pl\/adamczewski\/wp-json\/wp\/v2\/tags?post=9428"}],"curies":[{"name":"wp","href":"https:\/\/api.w.org\/{rel}","templated":true}]}}