
{"id":9429,"date":"2008-01-11T15:58:00","date_gmt":"2008-01-11T15:58:00","guid":{"rendered":"http:\/\/adamczewscy.pl\/?p=1473"},"modified":"2008-01-11T15:58:00","modified_gmt":"2008-01-11T15:58:00","slug":"schab-z-grilla-w-marynacie-miodowej","status":"publish","type":"post","link":"https:\/\/blog.polityka.pl\/adamczewski\/2008\/01\/11\/schab-z-grilla-w-marynacie-miodowej\/","title":{"rendered":"Schab z grilla w marynacie miodowej"},"content":{"rendered":"<p>1\/2 kg schabu, 4 \u0142y\u017ceczki startego imbiru, 2 z\u0105bki czosnku, 4 \u0142y\u017cki sosu sojowego, 1 kieliszek wytrawnej sherry, 4 \u0142y\u017cki miodu, 2 \u0142y\u017ceczki soli, 2 \u0142y\u017ceczki cukru<\/p>\n<p>Schab umy\u0107 i pokroi\u0107 w plastry. Przygotowa\u0107 marynat\u0119 z imbiru, posiekanego czosnku, soli, cukru, miodu, sherry i sosu sojowego. Plastry mi\u0119sa w\u0142o\u017cy\u0107 do naczynia z marynat\u0105 i wstawi\u0107 do lod\u00f3wki na 3 godziny. Nast\u0119pnie, nie os\u0105czaj\u0105c, po\u0142o\u017cy\u0107 na rozgrzanym grillu u\u017cywaj\u0105c aluminiowej tacki i piec 4-6 minut.<\/p>\n","protected":false},"excerpt":{"rendered":"<p>1\/2 kg schabu, 4 \u0142y\u017ceczki startego imbiru, 2 z\u0105bki czosnku, 4 \u0142y\u017cki sosu sojowego, 1 kieliszek wytrawnej sherry, 4 \u0142y\u017cki miodu, 2 \u0142y\u017ceczki soli, 2 \u0142y\u017ceczki cukru Schab umy\u0107 i pokroi\u0107 w plastry. Przygotowa\u0107 marynat\u0119 z imbiru, posiekanego czosnku, soli, cukru, miodu, sherry i sosu sojowego. Plastry mi\u0119sa w\u0142o\u017cy\u0107 do naczynia z marynat\u0105 i wstawi\u0107 [&hellip;]<\/p>\n","protected":false},"author":2,"featured_media":0,"comment_status":"open","ping_status":"open","sticky":false,"template":"","format":"standard","meta":{"footnotes":""},"categories":[1],"tags":[],"_links":{"self":[{"href":"https:\/\/blog.polityka.pl\/adamczewski\/wp-json\/wp\/v2\/posts\/9429"}],"collection":[{"href":"https:\/\/blog.polityka.pl\/adamczewski\/wp-json\/wp\/v2\/posts"}],"about":[{"href":"https:\/\/blog.polityka.pl\/adamczewski\/wp-json\/wp\/v2\/types\/post"}],"author":[{"embeddable":true,"href":"https:\/\/blog.polityka.pl\/adamczewski\/wp-json\/wp\/v2\/users\/2"}],"replies":[{"embeddable":true,"href":"https:\/\/blog.polityka.pl\/adamczewski\/wp-json\/wp\/v2\/comments?post=9429"}],"version-history":[{"count":0,"href":"https:\/\/blog.polityka.pl\/adamczewski\/wp-json\/wp\/v2\/posts\/9429\/revisions"}],"wp:attachment":[{"href":"https:\/\/blog.polityka.pl\/adamczewski\/wp-json\/wp\/v2\/media?parent=9429"}],"wp:term":[{"taxonomy":"category","embeddable":true,"href":"https:\/\/blog.polityka.pl\/adamczewski\/wp-json\/wp\/v2\/categories?post=9429"},{"taxonomy":"post_tag","embeddable":true,"href":"https:\/\/blog.polityka.pl\/adamczewski\/wp-json\/wp\/v2\/tags?post=9429"}],"curies":[{"name":"wp","href":"https:\/\/api.w.org\/{rel}","templated":true}]}}