
{"id":9432,"date":"2008-01-11T15:58:00","date_gmt":"2008-01-11T15:58:00","guid":{"rendered":"http:\/\/adamczewscy.pl\/?p=1476"},"modified":"2008-01-11T15:58:00","modified_gmt":"2008-01-11T15:58:00","slug":"marynata-z-basilicaty","status":"publish","type":"post","link":"https:\/\/blog.polityka.pl\/adamczewski\/2008\/01\/11\/marynata-z-basilicaty\/","title":{"rendered":"Marynata z Basilicaty"},"content":{"rendered":"<p>2 \u0142y\u017ceczki suszonych papryczek peperoncino, 4 z\u0105bki czosnku, sk\u00f3rka starta z cytryny, sok z 2 cytryn, 100 ml oliwy z pestek winogron, 1 \u0142y\u017ceczka gruboziarnistej soli morskiej<\/p>\n<p>Po\u0142ow\u0119 papryczek pokruszy\u0107, a po\u0142ow\u0119 zostawi\u0107 w ca\u0142o\u015bci. (Uwaga! Podczas kruszenia peperoncino nie dotyka\u0107 twarzy, zw\u0142aszcza okolic oczu! Dok\u0142adnie umy\u0107 r\u0119ce po zako\u0144czeniu pracy!). Czosnek drobno posieka\u0107. Wszystkie sk\u0142adniki umie\u015bci\u0107 w s\u0142oiku ze szklanym, szczelnym zamkni\u0119ciem i wstrz\u0105sa\u0107 jak shakerem do koktajli przez 10 minut. W lod\u00f3wce mo\u017cna t\u0119 bardzo pikantn\u0105 marynat\u0119 przechowywa\u0107 tydzie\u0144. U\u017cywa\u0107 do polewania grillowanych mi\u0119s, ryb, owoc\u00f3w morza i do sa\u0142at. <\/p>\n","protected":false},"excerpt":{"rendered":"<p>2 \u0142y\u017ceczki suszonych papryczek peperoncino, 4 z\u0105bki czosnku, sk\u00f3rka starta z cytryny, sok z 2 cytryn, 100 ml oliwy z pestek winogron, 1 \u0142y\u017ceczka gruboziarnistej soli morskiej Po\u0142ow\u0119 papryczek pokruszy\u0107, a po\u0142ow\u0119 zostawi\u0107 w ca\u0142o\u015bci. (Uwaga! Podczas kruszenia peperoncino nie dotyka\u0107 twarzy, zw\u0142aszcza okolic oczu! Dok\u0142adnie umy\u0107 r\u0119ce po zako\u0144czeniu pracy!). Czosnek drobno posieka\u0107. Wszystkie [&hellip;]<\/p>\n","protected":false},"author":2,"featured_media":0,"comment_status":"open","ping_status":"open","sticky":false,"template":"","format":"standard","meta":{"footnotes":""},"categories":[1],"tags":[],"_links":{"self":[{"href":"https:\/\/blog.polityka.pl\/adamczewski\/wp-json\/wp\/v2\/posts\/9432"}],"collection":[{"href":"https:\/\/blog.polityka.pl\/adamczewski\/wp-json\/wp\/v2\/posts"}],"about":[{"href":"https:\/\/blog.polityka.pl\/adamczewski\/wp-json\/wp\/v2\/types\/post"}],"author":[{"embeddable":true,"href":"https:\/\/blog.polityka.pl\/adamczewski\/wp-json\/wp\/v2\/users\/2"}],"replies":[{"embeddable":true,"href":"https:\/\/blog.polityka.pl\/adamczewski\/wp-json\/wp\/v2\/comments?post=9432"}],"version-history":[{"count":0,"href":"https:\/\/blog.polityka.pl\/adamczewski\/wp-json\/wp\/v2\/posts\/9432\/revisions"}],"wp:attachment":[{"href":"https:\/\/blog.polityka.pl\/adamczewski\/wp-json\/wp\/v2\/media?parent=9432"}],"wp:term":[{"taxonomy":"category","embeddable":true,"href":"https:\/\/blog.polityka.pl\/adamczewski\/wp-json\/wp\/v2\/categories?post=9432"},{"taxonomy":"post_tag","embeddable":true,"href":"https:\/\/blog.polityka.pl\/adamczewski\/wp-json\/wp\/v2\/tags?post=9432"}],"curies":[{"name":"wp","href":"https:\/\/api.w.org\/{rel}","templated":true}]}}