
{"id":9439,"date":"2008-01-11T15:58:00","date_gmt":"2008-01-11T15:58:00","guid":{"rendered":"http:\/\/adamczewscy.pl\/?p=1483"},"modified":"2008-01-11T15:58:00","modified_gmt":"2008-01-11T15:58:00","slug":"sezamowa-rolada-jajeczna-2-porcje","status":"publish","type":"post","link":"https:\/\/blog.polityka.pl\/adamczewski\/2008\/01\/11\/sezamowa-rolada-jajeczna-2-porcje\/","title":{"rendered":"Sezamowa rolada jajeczna"},"content":{"rendered":"<p>2 jaja, 1 \u0142y\u017cka sosu sojowego, 1 \u0142y\u017cka ziaren sezamowych, 1 \u0142y\u017cka oleju sezamowego, s\u00f3l, pieprz<br \/>\nna nadzienie: 4 \u0142y\u017cki serka twarogowego z czosnkiem, 1 \u0142y\u017cka oleju s\u0142onecznikowego, posiekana rze\u017cucha, koper lub inne zi\u00f3\u0142ko <\/p>\n<p>Jaja rozbi\u0107 z sosem sojowym i ziarnami sezamowymi, lekko posoli\u0107 i posypa\u0107 pieprzem. Tortownic\u0119 posmarowa\u0107 olejem sezamowym, wyla\u0107 na ni\u0105 jaja i upiec w piekarniku 180o C. Ostudzi\u0107. Ser po\u0142\u0105czy\u0107 z olejem i siekanymi zio\u0142ami. Rozsmarowa\u0107 cienk\u0105 warstw\u0105 na jajecznym placku, zwin\u0105\u0107 w rulon, owin\u0105\u0107 foli\u0105 spo\u017cywcz\u0105 i w\u0142o\u017cy\u0107 na kilka godzin do lod\u00f3wki. Podawa\u0107 po zupe\u0142nym ostudzeniu, pokrojone w centymetrowe plastry.<\/p>\n","protected":false},"excerpt":{"rendered":"<p>2 jaja, 1 \u0142y\u017cka sosu sojowego, 1 \u0142y\u017cka ziaren sezamowych, 1 \u0142y\u017cka oleju sezamowego, s\u00f3l, pieprz na nadzienie: 4 \u0142y\u017cki serka twarogowego z czosnkiem, 1 \u0142y\u017cka oleju s\u0142onecznikowego, posiekana rze\u017cucha, koper lub inne zi\u00f3\u0142ko Jaja rozbi\u0107 z sosem sojowym i ziarnami sezamowymi, lekko posoli\u0107 i posypa\u0107 pieprzem. Tortownic\u0119 posmarowa\u0107 olejem sezamowym, wyla\u0107 na ni\u0105 jaja [&hellip;]<\/p>\n","protected":false},"author":2,"featured_media":0,"comment_status":"open","ping_status":"open","sticky":false,"template":"","format":"standard","meta":{"footnotes":""},"categories":[1],"tags":[],"_links":{"self":[{"href":"https:\/\/blog.polityka.pl\/adamczewski\/wp-json\/wp\/v2\/posts\/9439"}],"collection":[{"href":"https:\/\/blog.polityka.pl\/adamczewski\/wp-json\/wp\/v2\/posts"}],"about":[{"href":"https:\/\/blog.polityka.pl\/adamczewski\/wp-json\/wp\/v2\/types\/post"}],"author":[{"embeddable":true,"href":"https:\/\/blog.polityka.pl\/adamczewski\/wp-json\/wp\/v2\/users\/2"}],"replies":[{"embeddable":true,"href":"https:\/\/blog.polityka.pl\/adamczewski\/wp-json\/wp\/v2\/comments?post=9439"}],"version-history":[{"count":0,"href":"https:\/\/blog.polityka.pl\/adamczewski\/wp-json\/wp\/v2\/posts\/9439\/revisions"}],"wp:attachment":[{"href":"https:\/\/blog.polityka.pl\/adamczewski\/wp-json\/wp\/v2\/media?parent=9439"}],"wp:term":[{"taxonomy":"category","embeddable":true,"href":"https:\/\/blog.polityka.pl\/adamczewski\/wp-json\/wp\/v2\/categories?post=9439"},{"taxonomy":"post_tag","embeddable":true,"href":"https:\/\/blog.polityka.pl\/adamczewski\/wp-json\/wp\/v2\/tags?post=9439"}],"curies":[{"name":"wp","href":"https:\/\/api.w.org\/{rel}","templated":true}]}}