
{"id":9452,"date":"2008-01-11T15:58:00","date_gmt":"2008-01-11T15:58:00","guid":{"rendered":"http:\/\/adamczewscy.pl\/?p=1499"},"modified":"2008-01-11T15:58:00","modified_gmt":"2008-01-11T15:58:00","slug":"jas-z-tymiankiem","status":"publish","type":"post","link":"https:\/\/blog.polityka.pl\/adamczewski\/2008\/01\/11\/jas-z-tymiankiem\/","title":{"rendered":"Ja\u015b z tymiankiem"},"content":{"rendered":"<p>1\/2 kg fasoli ja\u015b, 2 z\u0105bki czosnku, 2 ga\u0142\u0105zki \u015bwie\u017cego tymianku<br \/>\nna sos: 1\/2 \u0142y\u017cki soku cytrynowego, 2 \u0142y\u017cki oliwy, s\u00f3l, pieprz, cukier, 1 \u0142y\u017ceczka musztardy<\/p>\n<p>Fasol\u0119 namoczy\u0107 w przeddzie\u0144, ugotowa\u0107 do mi\u0119kko\u015bci, pod koniec gotowania posoli\u0107. Przygotowa\u0107 sos: wymiesza\u0107 sok cytrynowy, oliw\u0119, musztard\u0119, s\u00f3l, pieprz i cukier. Odcedzon\u0105 i wystudzon\u0105 fasol\u0119 wymiesza\u0107 z posiekanym tymiankiem i czosnkiem. Doda\u0107 sos. Fasol\u0119 odstawi\u0107 na<br \/>\n12 godzin. Podawa\u0107 na pikniku jako samodzielne danie lub jako dodatek do kie\u0142basek.<\/p>\n","protected":false},"excerpt":{"rendered":"<p>1\/2 kg fasoli ja\u015b, 2 z\u0105bki czosnku, 2 ga\u0142\u0105zki \u015bwie\u017cego tymianku na sos: 1\/2 \u0142y\u017cki soku cytrynowego, 2 \u0142y\u017cki oliwy, s\u00f3l, pieprz, cukier, 1 \u0142y\u017ceczka musztardy Fasol\u0119 namoczy\u0107 w przeddzie\u0144, ugotowa\u0107 do mi\u0119kko\u015bci, pod koniec gotowania posoli\u0107. Przygotowa\u0107 sos: wymiesza\u0107 sok cytrynowy, oliw\u0119, musztard\u0119, s\u00f3l, pieprz i cukier. Odcedzon\u0105 i wystudzon\u0105 fasol\u0119 wymiesza\u0107 z posiekanym [&hellip;]<\/p>\n","protected":false},"author":2,"featured_media":0,"comment_status":"open","ping_status":"open","sticky":false,"template":"","format":"standard","meta":{"footnotes":""},"categories":[1],"tags":[],"_links":{"self":[{"href":"https:\/\/blog.polityka.pl\/adamczewski\/wp-json\/wp\/v2\/posts\/9452"}],"collection":[{"href":"https:\/\/blog.polityka.pl\/adamczewski\/wp-json\/wp\/v2\/posts"}],"about":[{"href":"https:\/\/blog.polityka.pl\/adamczewski\/wp-json\/wp\/v2\/types\/post"}],"author":[{"embeddable":true,"href":"https:\/\/blog.polityka.pl\/adamczewski\/wp-json\/wp\/v2\/users\/2"}],"replies":[{"embeddable":true,"href":"https:\/\/blog.polityka.pl\/adamczewski\/wp-json\/wp\/v2\/comments?post=9452"}],"version-history":[{"count":0,"href":"https:\/\/blog.polityka.pl\/adamczewski\/wp-json\/wp\/v2\/posts\/9452\/revisions"}],"wp:attachment":[{"href":"https:\/\/blog.polityka.pl\/adamczewski\/wp-json\/wp\/v2\/media?parent=9452"}],"wp:term":[{"taxonomy":"category","embeddable":true,"href":"https:\/\/blog.polityka.pl\/adamczewski\/wp-json\/wp\/v2\/categories?post=9452"},{"taxonomy":"post_tag","embeddable":true,"href":"https:\/\/blog.polityka.pl\/adamczewski\/wp-json\/wp\/v2\/tags?post=9452"}],"curies":[{"name":"wp","href":"https:\/\/api.w.org\/{rel}","templated":true}]}}