
{"id":9462,"date":"2008-01-11T15:58:00","date_gmt":"2008-01-11T15:58:00","guid":{"rendered":"http:\/\/adamczewscy.pl\/?p=1510"},"modified":"2008-01-11T15:58:00","modified_gmt":"2008-01-11T15:58:00","slug":"figi-w-sosie-karmelowym-2-porcje","status":"publish","type":"post","link":"https:\/\/blog.polityka.pl\/adamczewski\/2008\/01\/11\/figi-w-sosie-karmelowym-2-porcje\/","title":{"rendered":"Figi w sosie karmelowym"},"content":{"rendered":"<p>3 \u015bwie\u017ce figi, 10 dag cukru, szczypta szafranu, 1\/2 \u0142y\u017ceczki cynamonu, 10 dag mieszanki orzech\u00f3w laskowych, rodzynek, migda\u0142\u00f3w i orzech\u00f3w w\u0142oskich, 10 bia\u0142ych winogron <\/p>\n<p>Figi umy\u0107, pokroi\u0107 na \u0107wiartki, podsma\u017cy\u0107 na patelni i odstawi\u0107 w ciep\u0142e miejsce. Rozpu\u015bci\u0107 na patelni cukier z odrobin\u0105 wody, a\u017c powstanie karmel. Doda\u0107 przyprawy, mieszank\u0119 bakalii i miesza\u0107 chwil\u0119 sma\u017c\u0105c. Na talerzu u\u0142o\u017cy\u0107 figi, pola\u0107 karmelem i ozdobi\u0107 winogronami. Przed podaniem chwil\u0119 potrzyma\u0107 deser na aluminiowej tacce na rozgrzanym grillu.<\/p>\n","protected":false},"excerpt":{"rendered":"<p>3 \u015bwie\u017ce figi, 10 dag cukru, szczypta szafranu, 1\/2 \u0142y\u017ceczki cynamonu, 10 dag mieszanki orzech\u00f3w laskowych, rodzynek, migda\u0142\u00f3w i orzech\u00f3w w\u0142oskich, 10 bia\u0142ych winogron Figi umy\u0107, pokroi\u0107 na \u0107wiartki, podsma\u017cy\u0107 na patelni i odstawi\u0107 w ciep\u0142e miejsce. Rozpu\u015bci\u0107 na patelni cukier z odrobin\u0105 wody, a\u017c powstanie karmel. Doda\u0107 przyprawy, mieszank\u0119 bakalii i miesza\u0107 chwil\u0119 sma\u017c\u0105c. [&hellip;]<\/p>\n","protected":false},"author":2,"featured_media":0,"comment_status":"open","ping_status":"open","sticky":false,"template":"","format":"standard","meta":{"footnotes":""},"categories":[1],"tags":[],"_links":{"self":[{"href":"https:\/\/blog.polityka.pl\/adamczewski\/wp-json\/wp\/v2\/posts\/9462"}],"collection":[{"href":"https:\/\/blog.polityka.pl\/adamczewski\/wp-json\/wp\/v2\/posts"}],"about":[{"href":"https:\/\/blog.polityka.pl\/adamczewski\/wp-json\/wp\/v2\/types\/post"}],"author":[{"embeddable":true,"href":"https:\/\/blog.polityka.pl\/adamczewski\/wp-json\/wp\/v2\/users\/2"}],"replies":[{"embeddable":true,"href":"https:\/\/blog.polityka.pl\/adamczewski\/wp-json\/wp\/v2\/comments?post=9462"}],"version-history":[{"count":0,"href":"https:\/\/blog.polityka.pl\/adamczewski\/wp-json\/wp\/v2\/posts\/9462\/revisions"}],"wp:attachment":[{"href":"https:\/\/blog.polityka.pl\/adamczewski\/wp-json\/wp\/v2\/media?parent=9462"}],"wp:term":[{"taxonomy":"category","embeddable":true,"href":"https:\/\/blog.polityka.pl\/adamczewski\/wp-json\/wp\/v2\/categories?post=9462"},{"taxonomy":"post_tag","embeddable":true,"href":"https:\/\/blog.polityka.pl\/adamczewski\/wp-json\/wp\/v2\/tags?post=9462"}],"curies":[{"name":"wp","href":"https:\/\/api.w.org\/{rel}","templated":true}]}}