
{"id":9472,"date":"2008-01-11T15:58:00","date_gmt":"2008-01-11T15:58:00","guid":{"rendered":"http:\/\/adamczewscy.pl\/?p=1524"},"modified":"2008-01-11T15:58:00","modified_gmt":"2008-01-11T15:58:00","slug":"ogorki-pikantne","status":"publish","type":"post","link":"https:\/\/blog.polityka.pl\/adamczewski\/2008\/01\/11\/ogorki-pikantne\/","title":{"rendered":"Og\u00f3rki pikantne"},"content":{"rendered":"<p>2 kg og\u00f3rk\u00f3w, 4 ostre papryczki, 3 listki laurowe, 3 z\u0105bki czosnku, 1 \u0142y\u017cka soli, 10 dag cukru, bia\u0142y pieprz ziarnisty, ziele angielskie, 1 szklanka octu winnego, 1 szklanka niegazowanej wody mineralnej<\/p>\n<p>Og\u00f3rki dobrze umy\u0107, os\u0105czy\u0107 i pouk\u0142ada\u0107 w wyparzonych s\u0142oikach. Dosypa\u0107 po kilkana\u015bcie ziarenek pieprzu i ziela angielskiego. Do ka\u017cdego s\u0142oja w\u0142o\u017cy\u0107 jedn\u0105 ostr\u0105 papryczk\u0119. Zagotowa\u0107 ocet z jedn\u0105 szklank\u0105 wody oraz sol\u0105 i cukrem. Gor\u0105cym p\u0142ynem zala\u0107 og\u00f3rki i zakr\u0119ci\u0107 s\u0142oiki. Pasteryzowa\u0107 p\u00f3\u0142 godziny w temperaturze 90? C.<\/p>\n","protected":false},"excerpt":{"rendered":"<p>2 kg og\u00f3rk\u00f3w, 4 ostre papryczki, 3 listki laurowe, 3 z\u0105bki czosnku, 1 \u0142y\u017cka soli, 10 dag cukru, bia\u0142y pieprz ziarnisty, ziele angielskie, 1 szklanka octu winnego, 1 szklanka niegazowanej wody mineralnej Og\u00f3rki dobrze umy\u0107, os\u0105czy\u0107 i pouk\u0142ada\u0107 w wyparzonych s\u0142oikach. Dosypa\u0107 po kilkana\u015bcie ziarenek pieprzu i ziela angielskiego. Do ka\u017cdego s\u0142oja w\u0142o\u017cy\u0107 jedn\u0105 ostr\u0105 [&hellip;]<\/p>\n","protected":false},"author":2,"featured_media":0,"comment_status":"open","ping_status":"open","sticky":false,"template":"","format":"standard","meta":{"footnotes":""},"categories":[1],"tags":[],"_links":{"self":[{"href":"https:\/\/blog.polityka.pl\/adamczewski\/wp-json\/wp\/v2\/posts\/9472"}],"collection":[{"href":"https:\/\/blog.polityka.pl\/adamczewski\/wp-json\/wp\/v2\/posts"}],"about":[{"href":"https:\/\/blog.polityka.pl\/adamczewski\/wp-json\/wp\/v2\/types\/post"}],"author":[{"embeddable":true,"href":"https:\/\/blog.polityka.pl\/adamczewski\/wp-json\/wp\/v2\/users\/2"}],"replies":[{"embeddable":true,"href":"https:\/\/blog.polityka.pl\/adamczewski\/wp-json\/wp\/v2\/comments?post=9472"}],"version-history":[{"count":0,"href":"https:\/\/blog.polityka.pl\/adamczewski\/wp-json\/wp\/v2\/posts\/9472\/revisions"}],"wp:attachment":[{"href":"https:\/\/blog.polityka.pl\/adamczewski\/wp-json\/wp\/v2\/media?parent=9472"}],"wp:term":[{"taxonomy":"category","embeddable":true,"href":"https:\/\/blog.polityka.pl\/adamczewski\/wp-json\/wp\/v2\/categories?post=9472"},{"taxonomy":"post_tag","embeddable":true,"href":"https:\/\/blog.polityka.pl\/adamczewski\/wp-json\/wp\/v2\/tags?post=9472"}],"curies":[{"name":"wp","href":"https:\/\/api.w.org\/{rel}","templated":true}]}}