
{"id":9473,"date":"2008-01-11T15:58:00","date_gmt":"2008-01-11T15:58:00","guid":{"rendered":"http:\/\/adamczewscy.pl\/?p=1525"},"modified":"2008-01-11T15:58:00","modified_gmt":"2008-01-11T15:58:00","slug":"marynowany-czosnek","status":"publish","type":"post","link":"https:\/\/blog.polityka.pl\/adamczewski\/2008\/01\/11\/marynowany-czosnek\/","title":{"rendered":"Marynowany czosnek"},"content":{"rendered":"<p>6 g\u0142\u00f3wek czosnku, 100 ml octu 10 %, cukier, s\u00f3l, ziele angielskie, pieprz ziarnisty, 1 li\u015b\u0107 laurowy<\/p>\n<p>Czosnek sparzy\u0107 i osuszy\u0107. Zagotowa\u0107 ocet zmieszany z 200 ml wody wraz ze szczypt\u0105 soli i cukru. Doda\u0107 po kilka ziaren ziela, pieprzu oraz pokruszony li\u015b\u0107 laurowy. U\u0142o\u017cy\u0107 w wyparzonym s\u0142oiku i zala\u0107 gor\u0105c\u0105 marynat\u0105.<\/p>\n","protected":false},"excerpt":{"rendered":"<p>6 g\u0142\u00f3wek czosnku, 100 ml octu 10 %, cukier, s\u00f3l, ziele angielskie, pieprz ziarnisty, 1 li\u015b\u0107 laurowy Czosnek sparzy\u0107 i osuszy\u0107. Zagotowa\u0107 ocet zmieszany z 200 ml wody wraz ze szczypt\u0105 soli i cukru. Doda\u0107 po kilka ziaren ziela, pieprzu oraz pokruszony li\u015b\u0107 laurowy. U\u0142o\u017cy\u0107 w wyparzonym s\u0142oiku i zala\u0107 gor\u0105c\u0105 marynat\u0105.<\/p>\n","protected":false},"author":2,"featured_media":0,"comment_status":"open","ping_status":"open","sticky":false,"template":"","format":"standard","meta":{"footnotes":""},"categories":[1],"tags":[],"_links":{"self":[{"href":"https:\/\/blog.polityka.pl\/adamczewski\/wp-json\/wp\/v2\/posts\/9473"}],"collection":[{"href":"https:\/\/blog.polityka.pl\/adamczewski\/wp-json\/wp\/v2\/posts"}],"about":[{"href":"https:\/\/blog.polityka.pl\/adamczewski\/wp-json\/wp\/v2\/types\/post"}],"author":[{"embeddable":true,"href":"https:\/\/blog.polityka.pl\/adamczewski\/wp-json\/wp\/v2\/users\/2"}],"replies":[{"embeddable":true,"href":"https:\/\/blog.polityka.pl\/adamczewski\/wp-json\/wp\/v2\/comments?post=9473"}],"version-history":[{"count":0,"href":"https:\/\/blog.polityka.pl\/adamczewski\/wp-json\/wp\/v2\/posts\/9473\/revisions"}],"wp:attachment":[{"href":"https:\/\/blog.polityka.pl\/adamczewski\/wp-json\/wp\/v2\/media?parent=9473"}],"wp:term":[{"taxonomy":"category","embeddable":true,"href":"https:\/\/blog.polityka.pl\/adamczewski\/wp-json\/wp\/v2\/categories?post=9473"},{"taxonomy":"post_tag","embeddable":true,"href":"https:\/\/blog.polityka.pl\/adamczewski\/wp-json\/wp\/v2\/tags?post=9473"}],"curies":[{"name":"wp","href":"https:\/\/api.w.org\/{rel}","templated":true}]}}