
{"id":9474,"date":"2008-01-11T15:58:00","date_gmt":"2008-01-11T15:58:00","guid":{"rendered":"http:\/\/adamczewscy.pl\/?p=1526"},"modified":"2008-01-11T15:58:00","modified_gmt":"2008-01-11T15:58:00","slug":"pikle-ogorkowe","status":"publish","type":"post","link":"https:\/\/blog.polityka.pl\/adamczewski\/2008\/01\/11\/pikle-ogorkowe\/","title":{"rendered":"Pikle og\u00f3rkowe"},"content":{"rendered":"<p>1 kg og\u00f3rk\u00f3w jak do kiszenia, s\u00f3l<br \/>\nna zalew\u0119: 1 szklanka octu 10 %, 3 szklanki wody,<br \/>\n3\/4 szklanki cukru, 30 ziarenek gorczycy, 5 ziarenek ziela angielskiego, 15 ziarenek pieprzu<\/p>\n<p>Og\u00f3rki obra\u0107 i pokroi\u0107 wzd\u0142u\u017c na \u0107wiartki. Posoli\u0107 i od\u0142o\u017cy\u0107 na noc w durszlaku. Sok wyla\u0107. Zagotowa\u0107 zalew\u0119 z wody, octu, przypraw i cukru. W\u0142o\u017cy\u0107 og\u00f3rki do wrz\u0105tku i gotowa\u0107 3 minuty, a\u017c si\u0119 zeszkl\u0105. Przek\u0142ada\u0107 do wyparzonych s\u0142oik\u00f3w i odwr\u00f3ci\u0107 do g\u00f3ry dnem. Po wystygni\u0119ciu odstawi\u0107 do spi\u017carni.<\/p>\n","protected":false},"excerpt":{"rendered":"<p>1 kg og\u00f3rk\u00f3w jak do kiszenia, s\u00f3l na zalew\u0119: 1 szklanka octu 10 %, 3 szklanki wody, 3\/4 szklanki cukru, 30 ziarenek gorczycy, 5 ziarenek ziela angielskiego, 15 ziarenek pieprzu Og\u00f3rki obra\u0107 i pokroi\u0107 wzd\u0142u\u017c na \u0107wiartki. Posoli\u0107 i od\u0142o\u017cy\u0107 na noc w durszlaku. Sok wyla\u0107. Zagotowa\u0107 zalew\u0119 z wody, octu, przypraw i cukru. W\u0142o\u017cy\u0107 [&hellip;]<\/p>\n","protected":false},"author":2,"featured_media":0,"comment_status":"open","ping_status":"open","sticky":false,"template":"","format":"standard","meta":{"footnotes":""},"categories":[1],"tags":[],"_links":{"self":[{"href":"https:\/\/blog.polityka.pl\/adamczewski\/wp-json\/wp\/v2\/posts\/9474"}],"collection":[{"href":"https:\/\/blog.polityka.pl\/adamczewski\/wp-json\/wp\/v2\/posts"}],"about":[{"href":"https:\/\/blog.polityka.pl\/adamczewski\/wp-json\/wp\/v2\/types\/post"}],"author":[{"embeddable":true,"href":"https:\/\/blog.polityka.pl\/adamczewski\/wp-json\/wp\/v2\/users\/2"}],"replies":[{"embeddable":true,"href":"https:\/\/blog.polityka.pl\/adamczewski\/wp-json\/wp\/v2\/comments?post=9474"}],"version-history":[{"count":0,"href":"https:\/\/blog.polityka.pl\/adamczewski\/wp-json\/wp\/v2\/posts\/9474\/revisions"}],"wp:attachment":[{"href":"https:\/\/blog.polityka.pl\/adamczewski\/wp-json\/wp\/v2\/media?parent=9474"}],"wp:term":[{"taxonomy":"category","embeddable":true,"href":"https:\/\/blog.polityka.pl\/adamczewski\/wp-json\/wp\/v2\/categories?post=9474"},{"taxonomy":"post_tag","embeddable":true,"href":"https:\/\/blog.polityka.pl\/adamczewski\/wp-json\/wp\/v2\/tags?post=9474"}],"curies":[{"name":"wp","href":"https:\/\/api.w.org\/{rel}","templated":true}]}}