
{"id":9483,"date":"2008-01-11T15:58:00","date_gmt":"2008-01-11T15:58:00","guid":{"rendered":"http:\/\/adamczewscy.pl\/?p=1536"},"modified":"2008-01-11T15:58:00","modified_gmt":"2008-01-11T15:58:00","slug":"chutney-z-rabarbaru","status":"publish","type":"post","link":"https:\/\/blog.polityka.pl\/adamczewski\/2008\/01\/11\/chutney-z-rabarbaru\/","title":{"rendered":"Chutney z rabarbaru"},"content":{"rendered":"<p>1 kg rabarbaru, 1\/2 kg cukru, 1\/2 szklanki wody, 3 \u0142y\u017cki octu winnego, 1 cebula, 10 dag rodzynek, 1 \u0142y\u017ceczka cynamonu, 1 \u0142y\u017ceczka startego imbiru, 10 ziaren ziela angielskiego<\/p>\n<p>Namoczy\u0107 rodzynki. Umyty rabarbar pokroi\u0107 w drobn\u0105 kostk\u0119. Rodzynki i rabarbar w\u0142o\u017cy\u0107 do garnka, zala\u0107 wod\u0105 oraz octem, doda\u0107 pokrojon\u0105 drobno cebul\u0119, pokruszone ziele angielskie i pozosta\u0142e produkty. Gotowa\u0107 na s\u0142abym ogniu, ci\u0105gle mieszaj\u0105c. Gdy powstanie jednolita masa, prze\u0142o\u017cy\u0107 do wymytych spirytusem lub wyparzonych s\u0142oik\u00f3w, zakr\u0119ci\u0107 wymyt\u0105 pokrywk\u0105 i odwr\u00f3ci\u0107  dnem do g\u00f3ry. Po wystygni\u0119ciu odstawi\u0107 w ch\u0142odne miejsce.<\/p>\n","protected":false},"excerpt":{"rendered":"<p>1 kg rabarbaru, 1\/2 kg cukru, 1\/2 szklanki wody, 3 \u0142y\u017cki octu winnego, 1 cebula, 10 dag rodzynek, 1 \u0142y\u017ceczka cynamonu, 1 \u0142y\u017ceczka startego imbiru, 10 ziaren ziela angielskiego Namoczy\u0107 rodzynki. Umyty rabarbar pokroi\u0107 w drobn\u0105 kostk\u0119. Rodzynki i rabarbar w\u0142o\u017cy\u0107 do garnka, zala\u0107 wod\u0105 oraz octem, doda\u0107 pokrojon\u0105 drobno cebul\u0119, pokruszone ziele angielskie i [&hellip;]<\/p>\n","protected":false},"author":2,"featured_media":0,"comment_status":"open","ping_status":"open","sticky":false,"template":"","format":"standard","meta":{"footnotes":""},"categories":[1],"tags":[],"_links":{"self":[{"href":"https:\/\/blog.polityka.pl\/adamczewski\/wp-json\/wp\/v2\/posts\/9483"}],"collection":[{"href":"https:\/\/blog.polityka.pl\/adamczewski\/wp-json\/wp\/v2\/posts"}],"about":[{"href":"https:\/\/blog.polityka.pl\/adamczewski\/wp-json\/wp\/v2\/types\/post"}],"author":[{"embeddable":true,"href":"https:\/\/blog.polityka.pl\/adamczewski\/wp-json\/wp\/v2\/users\/2"}],"replies":[{"embeddable":true,"href":"https:\/\/blog.polityka.pl\/adamczewski\/wp-json\/wp\/v2\/comments?post=9483"}],"version-history":[{"count":0,"href":"https:\/\/blog.polityka.pl\/adamczewski\/wp-json\/wp\/v2\/posts\/9483\/revisions"}],"wp:attachment":[{"href":"https:\/\/blog.polityka.pl\/adamczewski\/wp-json\/wp\/v2\/media?parent=9483"}],"wp:term":[{"taxonomy":"category","embeddable":true,"href":"https:\/\/blog.polityka.pl\/adamczewski\/wp-json\/wp\/v2\/categories?post=9483"},{"taxonomy":"post_tag","embeddable":true,"href":"https:\/\/blog.polityka.pl\/adamczewski\/wp-json\/wp\/v2\/tags?post=9483"}],"curies":[{"name":"wp","href":"https:\/\/api.w.org\/{rel}","templated":true}]}}