
{"id":9492,"date":"2008-01-11T15:58:00","date_gmt":"2008-01-11T15:58:00","guid":{"rendered":"http:\/\/adamczewscy.pl\/?p=1545"},"modified":"2008-01-11T15:58:00","modified_gmt":"2008-01-11T15:58:00","slug":"ocet-z-baldachami","status":"publish","type":"post","link":"https:\/\/blog.polityka.pl\/adamczewski\/2008\/01\/11\/ocet-z-baldachami\/","title":{"rendered":"Ocet z baldachami"},"content":{"rendered":"<p>1 l octu winnego, 6 ga\u0142\u0105zek kopru z baldachami (str\u0105czkami nasion)<\/p>\n<p>Baldachy kopru op\u0142uka\u0107, os\u0105czy\u0107 i w\u0142o\u017cy\u0107 do wyparzonej butelki. Zala\u0107 octem, zakr\u0119ci\u0107 i odstawi\u0107 w miejsce bez dost\u0119pu \u015bwiat\u0142a. Po dw\u00f3ch tygodniach przefiltrowa\u0107 p\u0142yn przez gaz\u0119 i przela\u0107 do wyparzonych butelek, dodaj\u0105c do ka\u017cdej ga\u0142\u0105zk\u0119 \u015bwie\u017cego koperku. Przechowywa\u0107 w ciemnym miejscu.<\/p>\n","protected":false},"excerpt":{"rendered":"<p>1 l octu winnego, 6 ga\u0142\u0105zek kopru z baldachami (str\u0105czkami nasion) Baldachy kopru op\u0142uka\u0107, os\u0105czy\u0107 i w\u0142o\u017cy\u0107 do wyparzonej butelki. Zala\u0107 octem, zakr\u0119ci\u0107 i odstawi\u0107 w miejsce bez dost\u0119pu \u015bwiat\u0142a. Po dw\u00f3ch tygodniach przefiltrowa\u0107 p\u0142yn przez gaz\u0119 i przela\u0107 do wyparzonych butelek, dodaj\u0105c do ka\u017cdej ga\u0142\u0105zk\u0119 \u015bwie\u017cego koperku. Przechowywa\u0107 w ciemnym miejscu.<\/p>\n","protected":false},"author":2,"featured_media":0,"comment_status":"open","ping_status":"open","sticky":false,"template":"","format":"standard","meta":{"footnotes":""},"categories":[1],"tags":[],"_links":{"self":[{"href":"https:\/\/blog.polityka.pl\/adamczewski\/wp-json\/wp\/v2\/posts\/9492"}],"collection":[{"href":"https:\/\/blog.polityka.pl\/adamczewski\/wp-json\/wp\/v2\/posts"}],"about":[{"href":"https:\/\/blog.polityka.pl\/adamczewski\/wp-json\/wp\/v2\/types\/post"}],"author":[{"embeddable":true,"href":"https:\/\/blog.polityka.pl\/adamczewski\/wp-json\/wp\/v2\/users\/2"}],"replies":[{"embeddable":true,"href":"https:\/\/blog.polityka.pl\/adamczewski\/wp-json\/wp\/v2\/comments?post=9492"}],"version-history":[{"count":0,"href":"https:\/\/blog.polityka.pl\/adamczewski\/wp-json\/wp\/v2\/posts\/9492\/revisions"}],"wp:attachment":[{"href":"https:\/\/blog.polityka.pl\/adamczewski\/wp-json\/wp\/v2\/media?parent=9492"}],"wp:term":[{"taxonomy":"category","embeddable":true,"href":"https:\/\/blog.polityka.pl\/adamczewski\/wp-json\/wp\/v2\/categories?post=9492"},{"taxonomy":"post_tag","embeddable":true,"href":"https:\/\/blog.polityka.pl\/adamczewski\/wp-json\/wp\/v2\/tags?post=9492"}],"curies":[{"name":"wp","href":"https:\/\/api.w.org\/{rel}","templated":true}]}}