
{"id":9493,"date":"2008-01-11T15:58:00","date_gmt":"2008-01-11T15:58:00","guid":{"rendered":"http:\/\/adamczewscy.pl\/?p=1546"},"modified":"2008-01-11T15:58:00","modified_gmt":"2008-01-11T15:58:00","slug":"ocet-mocarny","status":"publish","type":"post","link":"https:\/\/blog.polityka.pl\/adamczewski\/2008\/01\/11\/ocet-mocarny\/","title":{"rendered":"Ocet mocarny"},"content":{"rendered":"<p>1 l octu winnego, 10 ma\u0142ych ostrych papryczek<\/p>\n<p>Papryczki w\u0142o\u017cy\u0107 do wyparzonej butelki i zala\u0107 octem. Odstawi\u0107 na dwa tygodnie bez dost\u0119pu \u015bwiat\u0142a. Nast\u0119pnie przecedzi\u0107 przez gaz\u0119 i wla\u0107 do wyparzonych butelek. Trzyma\u0107 w ciemnym miejscu. <\/p>\n","protected":false},"excerpt":{"rendered":"<p>1 l octu winnego, 10 ma\u0142ych ostrych papryczek Papryczki w\u0142o\u017cy\u0107 do wyparzonej butelki i zala\u0107 octem. Odstawi\u0107 na dwa tygodnie bez dost\u0119pu \u015bwiat\u0142a. Nast\u0119pnie przecedzi\u0107 przez gaz\u0119 i wla\u0107 do wyparzonych butelek. Trzyma\u0107 w ciemnym miejscu.<\/p>\n","protected":false},"author":2,"featured_media":0,"comment_status":"open","ping_status":"open","sticky":false,"template":"","format":"standard","meta":{"footnotes":""},"categories":[1],"tags":[],"_links":{"self":[{"href":"https:\/\/blog.polityka.pl\/adamczewski\/wp-json\/wp\/v2\/posts\/9493"}],"collection":[{"href":"https:\/\/blog.polityka.pl\/adamczewski\/wp-json\/wp\/v2\/posts"}],"about":[{"href":"https:\/\/blog.polityka.pl\/adamczewski\/wp-json\/wp\/v2\/types\/post"}],"author":[{"embeddable":true,"href":"https:\/\/blog.polityka.pl\/adamczewski\/wp-json\/wp\/v2\/users\/2"}],"replies":[{"embeddable":true,"href":"https:\/\/blog.polityka.pl\/adamczewski\/wp-json\/wp\/v2\/comments?post=9493"}],"version-history":[{"count":0,"href":"https:\/\/blog.polityka.pl\/adamczewski\/wp-json\/wp\/v2\/posts\/9493\/revisions"}],"wp:attachment":[{"href":"https:\/\/blog.polityka.pl\/adamczewski\/wp-json\/wp\/v2\/media?parent=9493"}],"wp:term":[{"taxonomy":"category","embeddable":true,"href":"https:\/\/blog.polityka.pl\/adamczewski\/wp-json\/wp\/v2\/categories?post=9493"},{"taxonomy":"post_tag","embeddable":true,"href":"https:\/\/blog.polityka.pl\/adamczewski\/wp-json\/wp\/v2\/tags?post=9493"}],"curies":[{"name":"wp","href":"https:\/\/api.w.org\/{rel}","templated":true}]}}