
{"id":9502,"date":"2008-01-11T15:58:00","date_gmt":"2008-01-11T15:58:00","guid":{"rendered":"http:\/\/adamczewscy.pl\/?p=1555"},"modified":"2008-01-11T15:58:00","modified_gmt":"2008-01-11T15:58:00","slug":"konfitury-z-zielonych-pomidorow","status":"publish","type":"post","link":"https:\/\/blog.polityka.pl\/adamczewski\/2008\/01\/11\/konfitury-z-zielonych-pomidorow\/","title":{"rendered":"Konfitury z zielonych pomidor\u00f3w"},"content":{"rendered":"<p>1 kg zielonych (niedojrza\u0142ych) pomidor\u00f3w, 75 dag cukru, 1 laska wanilii, sk\u00f3rka cytryny, olejek r\u00f3\u017cany, 150 ml niegazowanej wody mineralnej <\/p>\n<p>Pomidory pokroi\u0107 w plastry, usun\u0105\u0107 pestki, umie\u015bci\u0107 na sicie i zanurzywszy je w garnku z wrz\u0105c\u0105 wod\u0105, gotowa\u0107 przez  minut\u0119. Odcedzi\u0107. Ugotowa\u0107 syrop z cukru, wanilii i wody. Zdj\u0105\u0107 szumowiny i wyj\u0105\u0107 wanili\u0119. Doda\u0107 olejek r\u00f3\u017cany. Do wrz\u0105cego syropu w\u0142o\u017cy\u0107 pomidory i sma\u017cy\u0107 na s\u0142abym ogniu, potrz\u0105saj\u0105c rondlem i zdejmuj\u0105c szumowin\u0119. Gdy pomidory si\u0119 zeszkl\u0105, w\u0142o\u017cy\u0107 je do wymytych spirytusem lub wyparzonych wrz\u0105tkiem s\u0142oik\u00f3w i zala\u0107 syropem.<\/p>\n","protected":false},"excerpt":{"rendered":"<p>1 kg zielonych (niedojrza\u0142ych) pomidor\u00f3w, 75 dag cukru, 1 laska wanilii, sk\u00f3rka cytryny, olejek r\u00f3\u017cany, 150 ml niegazowanej wody mineralnej Pomidory pokroi\u0107 w plastry, usun\u0105\u0107 pestki, umie\u015bci\u0107 na sicie i zanurzywszy je w garnku z wrz\u0105c\u0105 wod\u0105, gotowa\u0107 przez minut\u0119. Odcedzi\u0107. Ugotowa\u0107 syrop z cukru, wanilii i wody. Zdj\u0105\u0107 szumowiny i wyj\u0105\u0107 wanili\u0119. Doda\u0107 olejek [&hellip;]<\/p>\n","protected":false},"author":2,"featured_media":0,"comment_status":"open","ping_status":"open","sticky":false,"template":"","format":"standard","meta":{"footnotes":""},"categories":[1],"tags":[],"_links":{"self":[{"href":"https:\/\/blog.polityka.pl\/adamczewski\/wp-json\/wp\/v2\/posts\/9502"}],"collection":[{"href":"https:\/\/blog.polityka.pl\/adamczewski\/wp-json\/wp\/v2\/posts"}],"about":[{"href":"https:\/\/blog.polityka.pl\/adamczewski\/wp-json\/wp\/v2\/types\/post"}],"author":[{"embeddable":true,"href":"https:\/\/blog.polityka.pl\/adamczewski\/wp-json\/wp\/v2\/users\/2"}],"replies":[{"embeddable":true,"href":"https:\/\/blog.polityka.pl\/adamczewski\/wp-json\/wp\/v2\/comments?post=9502"}],"version-history":[{"count":0,"href":"https:\/\/blog.polityka.pl\/adamczewski\/wp-json\/wp\/v2\/posts\/9502\/revisions"}],"wp:attachment":[{"href":"https:\/\/blog.polityka.pl\/adamczewski\/wp-json\/wp\/v2\/media?parent=9502"}],"wp:term":[{"taxonomy":"category","embeddable":true,"href":"https:\/\/blog.polityka.pl\/adamczewski\/wp-json\/wp\/v2\/categories?post=9502"},{"taxonomy":"post_tag","embeddable":true,"href":"https:\/\/blog.polityka.pl\/adamczewski\/wp-json\/wp\/v2\/tags?post=9502"}],"curies":[{"name":"wp","href":"https:\/\/api.w.org\/{rel}","templated":true}]}}