
{"id":951,"date":"2009-06-03T08:00:42","date_gmt":"2009-06-03T06:00:42","guid":{"rendered":"http:\/\/adamczewski.blog.polityka.pl\/?p=951"},"modified":"2009-06-01T15:25:13","modified_gmt":"2009-06-01T13:25:13","slug":"zgadnij-co-gotujemy-137","status":"publish","type":"post","link":"https:\/\/blog.polityka.pl\/adamczewski\/2009\/06\/03\/zgadnij-co-gotujemy-137\/","title":{"rendered":"Zgadnij co gotujemy? (136)"},"content":{"rendered":"<p class=\"MsoNormal\" style=\"margin: 0cm 0cm 10pt; line-height: 150%;\"><strong style=\"mso-bidi-font-weight: normal;\"><\/strong><\/p>\n<p class=\"MsoNormal\" style=\"margin: 0cm 0cm 10pt; line-height: 150%;\"><span style=\"font-size: 12pt; line-height: 150%; font-family: Arial; mso-bidi-font-size: 11.0pt; mso-bidi-font-family: 'Times New Roman';\">Ksi\u0105\u017cka Marka Przybylika cieszy si\u0119 wielkim powodzeniem w\u015br\u00f3d czytelnik\u00f3w. Wy\u0142udzi\u0142em wi\u0119c od Autora egzemplarz z autografem dla zwyci\u0119zcy naszego \u015brodowego quizu. I kto dzi\u015b odpowie prawid\u0142owo na trzy pytania oraz wyprzedzi konkurent\u00f3w w dostarczeniu rozwi\u0105zania na adres <a href=\"mailto:internet@polityka.com.pl\">internet@polityka.com.pl<\/a><span style=\"mso-spacerun: yes;\">\u00a0 <\/span>ten b\u0119dzie m\u00f3g\u0142 czyta\u0107 i wspomina\u0107 histori\u0119, kt\u00f3ra\u00a0&#8211; jak mam nadziej\u0119\u00a0&#8211; ju\u017c nie powt\u00f3rzy si\u0119. Cho\u0107 niekt\u00f3re aspekty \u017cycia zadziwiaj\u0105co przypominaj\u0105 opisywane przez Marka czasy. No to do dzie\u0142a:<\/span><\/p>\n<p class=\"MsoNormal\" style=\"margin: 0cm 0cm 10pt; line-height: 150%;\"><span style=\"font-size: 12pt; line-height: 150%; font-family: Arial; mso-bidi-font-size: 11.0pt; mso-bidi-font-family: 'Times New Roman';\">1\u00a0&#8211; Co si\u0119 kryje za t\u0105 wdzi\u0119czn\u0105 nazw\u0105: &#8222;Zwis m\u0119ski elegancki&#8221;?<\/span><\/p>\n<p class=\"MsoNormal\" style=\"margin: 0cm 0cm 10pt; line-height: 150%;\"><span style=\"font-size: 12pt; line-height: 150%; font-family: Arial; mso-bidi-font-size: 11.0pt; mso-bidi-font-family: 'Times New Roman';\">2\u00a0&#8211; Sk\u0105d si\u0119 wzi\u0119\u0142a nazwa cinkciarz (etymologia)?<\/span><\/p>\n<p class=\"MsoNormal\" style=\"margin: 0cm 0cm 10pt; line-height: 150%;\"><span style=\"font-size: 12pt; line-height: 150%; font-family: Arial; mso-bidi-font-size: 11.0pt; mso-bidi-font-family: 'Times New Roman';\">3\u00a0&#8211; Co to takiego eksport wewn\u0119trzny?<\/span><\/p>\n<p class=\"MsoNormal\" style=\"margin: 0cm 0cm 10pt; line-height: 150%;\"><span style=\"font-size: 12pt; line-height: 150%; font-family: Arial; mso-bidi-font-size: 11.0pt; mso-bidi-font-family: 'Times New Roman';\">I ju\u017c pora by gna\u0107 do komputera czyli na poczt\u0119 (elektroniczn\u0105 oczywi\u015bcie). A ja czekam na Wasze listy. Oczywi\u015bcie z ksi\u0105\u017ck\u0105 &#8222;To by\u0142o tak&#8221; opatrzon\u0105 autografem Autora i z moj\u0105 dedykacj\u0105.<\/span><\/p>\n<p class=\"MsoNormal\" style=\"margin: 0cm 0cm 10pt; line-height: 150%;\"><span style=\"font-size: 12pt; line-height: 150%; font-family: Arial; mso-bidi-font-size: 11.0pt; mso-bidi-font-family: 'Times New Roman';\">\u00a0<\/span><\/p>\n<p class=\"MsoNormal\" style=\"margin: 0cm 0cm 10pt; line-height: 150%;\"><span style=\"font-size: 12pt; line-height: 150%; font-family: Arial; mso-bidi-font-size: 11.0pt; mso-bidi-font-family: 'Times New Roman';\">\u00a0<\/span><\/p>\n<p>\u00a0<\/p>\n","protected":false},"excerpt":{"rendered":"<p>Ksi\u0105\u017cka Marka Przybylika cieszy si\u0119 wielkim powodzeniem w\u015br\u00f3d czytelnik\u00f3w. Wy\u0142udzi\u0142em wi\u0119c od Autora egzemplarz z autografem dla zwyci\u0119zcy naszego \u015brodowego quizu. I kto dzi\u015b odpowie prawid\u0142owo na trzy pytania oraz wyprzedzi konkurent\u00f3w w dostarczeniu rozwi\u0105zania na adres internet@polityka.com.pl\u00a0 ten b\u0119dzie m\u00f3g\u0142 czyta\u0107 i wspomina\u0107 histori\u0119, kt\u00f3ra\u00a0&#8211; jak mam nadziej\u0119\u00a0&#8211; ju\u017c nie powt\u00f3rzy si\u0119. Cho\u0107 niekt\u00f3re [&hellip;]<\/p>\n","protected":false},"author":2,"featured_media":0,"comment_status":"open","ping_status":"open","sticky":false,"template":"","format":"standard","meta":{"footnotes":""},"categories":[1],"tags":[],"_links":{"self":[{"href":"https:\/\/blog.polityka.pl\/adamczewski\/wp-json\/wp\/v2\/posts\/951"}],"collection":[{"href":"https:\/\/blog.polityka.pl\/adamczewski\/wp-json\/wp\/v2\/posts"}],"about":[{"href":"https:\/\/blog.polityka.pl\/adamczewski\/wp-json\/wp\/v2\/types\/post"}],"author":[{"embeddable":true,"href":"https:\/\/blog.polityka.pl\/adamczewski\/wp-json\/wp\/v2\/users\/2"}],"replies":[{"embeddable":true,"href":"https:\/\/blog.polityka.pl\/adamczewski\/wp-json\/wp\/v2\/comments?post=951"}],"version-history":[{"count":0,"href":"https:\/\/blog.polityka.pl\/adamczewski\/wp-json\/wp\/v2\/posts\/951\/revisions"}],"wp:attachment":[{"href":"https:\/\/blog.polityka.pl\/adamczewski\/wp-json\/wp\/v2\/media?parent=951"}],"wp:term":[{"taxonomy":"category","embeddable":true,"href":"https:\/\/blog.polityka.pl\/adamczewski\/wp-json\/wp\/v2\/categories?post=951"},{"taxonomy":"post_tag","embeddable":true,"href":"https:\/\/blog.polityka.pl\/adamczewski\/wp-json\/wp\/v2\/tags?post=951"}],"curies":[{"name":"wp","href":"https:\/\/api.w.org\/{rel}","templated":true}]}}