
{"id":9529,"date":"2008-01-11T15:58:00","date_gmt":"2008-01-11T15:58:00","guid":{"rendered":"http:\/\/adamczewscy.pl\/?p=1585"},"modified":"2008-01-11T15:58:00","modified_gmt":"2008-01-11T15:58:00","slug":"zupa-pavese-wloska","status":"publish","type":"post","link":"https:\/\/blog.polityka.pl\/adamczewski\/2008\/01\/11\/zupa-pavese-wloska\/","title":{"rendered":"Zupa pavese (w\u0142oska)"},"content":{"rendered":"<p>3\/4 l bulionu mi\u0119snego, 4 \u017c\u00f3\u0142tka, 5 dag parmezanu,<br \/>\n4 z\u0105bki czosnku, 1\/2 p\u0119czka szczypiorku, oregano, 4 kromki pszennego chleba, oliwa z oliwek, s\u00f3l<\/p>\n<p>Czosnek obra\u0107 i rozetrze\u0107 z jedn\u0105 \u0142y\u017ceczk\u0105 soli. Szczypiorek i oregano op\u0142uka\u0107 i posieka\u0107. Z chleba odkroi\u0107 sk\u00f3rk\u0119. Rozgrza\u0107 bulion. Na silnie rozgrzanej oliwie zasma\u017cy\u0107 roztarty czosnek. Na tej samej patelni, po usuni\u0119ciu czosnku, podsma\u017cy\u0107 chleb z obu stron. Gdy grzanki b\u0119d\u0105 z\u0142otobr\u0105zowe, u\u0142o\u017cy\u0107 je na g\u0142\u0119bokich talerzach. Na \u015brodku ka\u017cdej grzanki po\u0142o\u017cy\u0107 surowe \u017c\u00f3\u0142tko. Wla\u0107 gor\u0105cy bulion tak, by wierzch grzanek wystawa\u0142. Posypa\u0107 tartym parmezanem, oregano i szczypiorkiem.<\/p>\n","protected":false},"excerpt":{"rendered":"<p>3\/4 l bulionu mi\u0119snego, 4 \u017c\u00f3\u0142tka, 5 dag parmezanu, 4 z\u0105bki czosnku, 1\/2 p\u0119czka szczypiorku, oregano, 4 kromki pszennego chleba, oliwa z oliwek, s\u00f3l Czosnek obra\u0107 i rozetrze\u0107 z jedn\u0105 \u0142y\u017ceczk\u0105 soli. Szczypiorek i oregano op\u0142uka\u0107 i posieka\u0107. Z chleba odkroi\u0107 sk\u00f3rk\u0119. Rozgrza\u0107 bulion. Na silnie rozgrzanej oliwie zasma\u017cy\u0107 roztarty czosnek. Na tej samej patelni, [&hellip;]<\/p>\n","protected":false},"author":2,"featured_media":0,"comment_status":"open","ping_status":"open","sticky":false,"template":"","format":"standard","meta":{"footnotes":""},"categories":[1],"tags":[],"_links":{"self":[{"href":"https:\/\/blog.polityka.pl\/adamczewski\/wp-json\/wp\/v2\/posts\/9529"}],"collection":[{"href":"https:\/\/blog.polityka.pl\/adamczewski\/wp-json\/wp\/v2\/posts"}],"about":[{"href":"https:\/\/blog.polityka.pl\/adamczewski\/wp-json\/wp\/v2\/types\/post"}],"author":[{"embeddable":true,"href":"https:\/\/blog.polityka.pl\/adamczewski\/wp-json\/wp\/v2\/users\/2"}],"replies":[{"embeddable":true,"href":"https:\/\/blog.polityka.pl\/adamczewski\/wp-json\/wp\/v2\/comments?post=9529"}],"version-history":[{"count":0,"href":"https:\/\/blog.polityka.pl\/adamczewski\/wp-json\/wp\/v2\/posts\/9529\/revisions"}],"wp:attachment":[{"href":"https:\/\/blog.polityka.pl\/adamczewski\/wp-json\/wp\/v2\/media?parent=9529"}],"wp:term":[{"taxonomy":"category","embeddable":true,"href":"https:\/\/blog.polityka.pl\/adamczewski\/wp-json\/wp\/v2\/categories?post=9529"},{"taxonomy":"post_tag","embeddable":true,"href":"https:\/\/blog.polityka.pl\/adamczewski\/wp-json\/wp\/v2\/tags?post=9529"}],"curies":[{"name":"wp","href":"https:\/\/api.w.org\/{rel}","templated":true}]}}