
{"id":9544,"date":"2008-01-11T15:58:00","date_gmt":"2008-01-11T15:58:00","guid":{"rendered":"http:\/\/adamczewscy.pl\/?p=1602"},"modified":"2008-01-11T15:58:00","modified_gmt":"2008-01-11T15:58:00","slug":"grzybowa-z-suszonych-grzybow","status":"publish","type":"post","link":"https:\/\/blog.polityka.pl\/adamczewski\/2008\/01\/11\/grzybowa-z-suszonych-grzybow\/","title":{"rendered":"Grzybowa z suszonych grzyb\u00f3w"},"content":{"rendered":"<p>5-8 dag suszonych grzyb\u00f3w (borowiki, podgrzybki, ma\u015blaki, ko\u009flaki), 5 szklanek wody, 2 marchwie, 1 pietruszka, kawa\u0142ek selera, 1 por, 1 cebula, 1 \u0142y\u017cka mas\u0142a, 3 \u0142y\u017cki \u015bmietany (12 lub 18 %), s\u00f3l, pieprz<\/p>\n<p>Grzyby umy\u0107, zala\u0107 5 szklankami zimnej wody, ugotowa\u0107 wraz z obranymi warzywami i posoli\u0107. Ugotowan\u0105 zup\u0119 przecedzi\u0107. Kapelusze grzyb\u00f3w pokroi\u0107 w cienkie paseczki i z powrotem w\u0142o\u017cy\u0107 do zupy. Doda\u0107 \u015bmietan\u0119, podgrza\u0107, doprawi\u0107 pieprzem. Do zupy grzybowej podawa\u0107 jako dodatek: makaron, zacierki, kasz\u0119 per\u0142ow\u0105 lub krojone w paski nale\u015bniki.<\/p>\n","protected":false},"excerpt":{"rendered":"<p>5-8 dag suszonych grzyb\u00f3w (borowiki, podgrzybki, ma\u015blaki, ko\u009flaki), 5 szklanek wody, 2 marchwie, 1 pietruszka, kawa\u0142ek selera, 1 por, 1 cebula, 1 \u0142y\u017cka mas\u0142a, 3 \u0142y\u017cki \u015bmietany (12 lub 18 %), s\u00f3l, pieprz Grzyby umy\u0107, zala\u0107 5 szklankami zimnej wody, ugotowa\u0107 wraz z obranymi warzywami i posoli\u0107. Ugotowan\u0105 zup\u0119 przecedzi\u0107. Kapelusze grzyb\u00f3w pokroi\u0107 w cienkie [&hellip;]<\/p>\n","protected":false},"author":2,"featured_media":0,"comment_status":"open","ping_status":"open","sticky":false,"template":"","format":"standard","meta":{"footnotes":""},"categories":[1],"tags":[],"_links":{"self":[{"href":"https:\/\/blog.polityka.pl\/adamczewski\/wp-json\/wp\/v2\/posts\/9544"}],"collection":[{"href":"https:\/\/blog.polityka.pl\/adamczewski\/wp-json\/wp\/v2\/posts"}],"about":[{"href":"https:\/\/blog.polityka.pl\/adamczewski\/wp-json\/wp\/v2\/types\/post"}],"author":[{"embeddable":true,"href":"https:\/\/blog.polityka.pl\/adamczewski\/wp-json\/wp\/v2\/users\/2"}],"replies":[{"embeddable":true,"href":"https:\/\/blog.polityka.pl\/adamczewski\/wp-json\/wp\/v2\/comments?post=9544"}],"version-history":[{"count":0,"href":"https:\/\/blog.polityka.pl\/adamczewski\/wp-json\/wp\/v2\/posts\/9544\/revisions"}],"wp:attachment":[{"href":"https:\/\/blog.polityka.pl\/adamczewski\/wp-json\/wp\/v2\/media?parent=9544"}],"wp:term":[{"taxonomy":"category","embeddable":true,"href":"https:\/\/blog.polityka.pl\/adamczewski\/wp-json\/wp\/v2\/categories?post=9544"},{"taxonomy":"post_tag","embeddable":true,"href":"https:\/\/blog.polityka.pl\/adamczewski\/wp-json\/wp\/v2\/tags?post=9544"}],"curies":[{"name":"wp","href":"https:\/\/api.w.org\/{rel}","templated":true}]}}