
{"id":957,"date":"2009-06-10T08:00:54","date_gmt":"2009-06-10T06:00:54","guid":{"rendered":"http:\/\/adamczewski.blog.polityka.pl\/?p=957"},"modified":"2009-06-04T16:00:48","modified_gmt":"2009-06-04T14:00:48","slug":"zgadnij-co-gotujemy137","status":"publish","type":"post","link":"https:\/\/blog.polityka.pl\/adamczewski\/2009\/06\/10\/zgadnij-co-gotujemy137\/","title":{"rendered":"Zgadnij co gotujemy?(137)"},"content":{"rendered":"<p>Tym razem quiz musi by\u0107 trudny. Bo to i nagroda poku\u015bna a i zapowiedzieli udzia\u0142 nie lada zawodnicy. To chyba jasne. O ksi\u0105\u017cce &#8222;Oliver w domu&#8221; nie b\u0119d\u0119 si\u0119 rozpisywa\u0142, bo ju\u017c j\u0105 tu recenzowa\u0142em. Trafno\u015b\u0107 recenzji potwierdzi\u0142a Nemo. Mo\u017cna w tej ksi\u0119dze znale\u017a\u0107 wiele porad ogrodniczych, kilkadziesi\u0105t przepis\u00f3w na przek\u0105ski i ponad setk\u0119 na r\u00f3\u017cne dania. Jednym s\u0142owem\u00a0&#8211; rado\u015b\u0107 ca\u0142\u0105 g\u0119b\u0105. Ksi\u0105\u017ck\u0119 z autografem i \u017cyczeniami otrzyma ten, kto pierwszy przy\u015ble odpowied\u017a na trzy pytania na adres <a href=\"mailto:internet@polityka.com.pl\">internet@polityka.com.pl<\/a><\/p>\n<p>A oto pytania konkursowe:<\/p>\n<p>1 &#8211; Z jak\u0105 legend\u0105 wi\u0105\u017ce si\u0119 uprawa drzew oliwnych?<\/p>\n<p>2 &#8211; Mi\u0119so jakiego ssaka bywa zakopywane w nadmorskim piasku, by dojrza\u0142o i nabra\u0142o smaku?<\/p>\n<p>3\u00a0&#8211; Jak si\u0119 nazywa s\u0142ynna ameryka\u0144ska szko\u0142a mistrz\u00f3w kuchni, kt\u00f3r\u0105 uko\u0144czy\u0142 m.in. Maciej Kuro\u0144 ?<\/p>\n<p>Chyba nie przesadzi\u0142em w skali trudno\u015bci. Zreszt\u0105 nie ma pyta\u0144 na kt\u00f3re nie potraficie znale\u017a\u0107 odpowiedzi. Czekam wi\u0119c!<\/p>\n<p>\u00a0<\/p>\n<p>\u00a0<\/p>\n","protected":false},"excerpt":{"rendered":"<p>Tym razem quiz musi by\u0107 trudny. Bo to i nagroda poku\u015bna a i zapowiedzieli udzia\u0142 nie lada zawodnicy. To chyba jasne. O ksi\u0105\u017cce &#8222;Oliver w domu&#8221; nie b\u0119d\u0119 si\u0119 rozpisywa\u0142, bo ju\u017c j\u0105 tu recenzowa\u0142em. Trafno\u015b\u0107 recenzji potwierdzi\u0142a Nemo. Mo\u017cna w tej ksi\u0119dze znale\u017a\u0107 wiele porad ogrodniczych, kilkadziesi\u0105t przepis\u00f3w na przek\u0105ski i ponad setk\u0119 na [&hellip;]<\/p>\n","protected":false},"author":2,"featured_media":0,"comment_status":"open","ping_status":"open","sticky":false,"template":"","format":"standard","meta":{"footnotes":""},"categories":[1],"tags":[],"_links":{"self":[{"href":"https:\/\/blog.polityka.pl\/adamczewski\/wp-json\/wp\/v2\/posts\/957"}],"collection":[{"href":"https:\/\/blog.polityka.pl\/adamczewski\/wp-json\/wp\/v2\/posts"}],"about":[{"href":"https:\/\/blog.polityka.pl\/adamczewski\/wp-json\/wp\/v2\/types\/post"}],"author":[{"embeddable":true,"href":"https:\/\/blog.polityka.pl\/adamczewski\/wp-json\/wp\/v2\/users\/2"}],"replies":[{"embeddable":true,"href":"https:\/\/blog.polityka.pl\/adamczewski\/wp-json\/wp\/v2\/comments?post=957"}],"version-history":[{"count":0,"href":"https:\/\/blog.polityka.pl\/adamczewski\/wp-json\/wp\/v2\/posts\/957\/revisions"}],"wp:attachment":[{"href":"https:\/\/blog.polityka.pl\/adamczewski\/wp-json\/wp\/v2\/media?parent=957"}],"wp:term":[{"taxonomy":"category","embeddable":true,"href":"https:\/\/blog.polityka.pl\/adamczewski\/wp-json\/wp\/v2\/categories?post=957"},{"taxonomy":"post_tag","embeddable":true,"href":"https:\/\/blog.polityka.pl\/adamczewski\/wp-json\/wp\/v2\/tags?post=957"}],"curies":[{"name":"wp","href":"https:\/\/api.w.org\/{rel}","templated":true}]}}