
{"id":9583,"date":"2008-01-11T15:58:00","date_gmt":"2008-01-11T15:58:00","guid":{"rendered":"http:\/\/adamczewscy.pl\/?p=1649"},"modified":"2008-01-11T15:58:00","modified_gmt":"2008-01-11T15:58:00","slug":"zupa-miesna-z-bambusowymi-kulkami","status":"publish","type":"post","link":"https:\/\/blog.polityka.pl\/adamczewski\/2008\/01\/11\/zupa-miesna-z-bambusowymi-kulkami\/","title":{"rendered":"Zupa mi\u0119sna z bambusowymi kulkami"},"content":{"rendered":"<p>(4 porcje)<\/p>\n<p>15 dag mielonego mi\u0119sa wieprzowego, 5 dag bambusa<br \/>\nz puszki, 3 suszone grzyby shiitake lub podgrzybki, 1 \u0142y\u017cka w\u00f3dki, 1 \u0142y\u017cka sosu sojowego, pieprz, s\u00f3l, 4 szklanki bulionu drobiowego lub wo\u0142owego z kostki albo esencjonalnego domowego roso\u0142u<\/p>\n<p>Namoczy\u0107 grzyby, po 2 godzinach posieka\u0107. Posieka\u0107 tak\u017ce bambus. Do mielonego mi\u0119sa doda\u0107 grzyby i bambus oraz w\u00f3dk\u0119 i sos sojowy, s\u00f3l, pieprz. Wyrobi\u0107 dok\u0142adnie mas\u0119. Uformowa\u0107 kulki wielko\u015bci orzecha w\u0142oskiego. Bulion lub ros\u00f3\u0142 doprowadzi\u0107 do wrzenia, wrzuci\u0107 kulki i gotowa\u0107 je oko\u0142o 5 minut. Podawa\u0107 zup\u0119 bardzo gor\u0105c\u0105. <\/p>\n","protected":false},"excerpt":{"rendered":"<p>(4 porcje) 15 dag mielonego mi\u0119sa wieprzowego, 5 dag bambusa z puszki, 3 suszone grzyby shiitake lub podgrzybki, 1 \u0142y\u017cka w\u00f3dki, 1 \u0142y\u017cka sosu sojowego, pieprz, s\u00f3l, 4 szklanki bulionu drobiowego lub wo\u0142owego z kostki albo esencjonalnego domowego roso\u0142u Namoczy\u0107 grzyby, po 2 godzinach posieka\u0107. Posieka\u0107 tak\u017ce bambus. Do mielonego mi\u0119sa doda\u0107 grzyby i bambus [&hellip;]<\/p>\n","protected":false},"author":2,"featured_media":0,"comment_status":"open","ping_status":"open","sticky":false,"template":"","format":"standard","meta":{"footnotes":""},"categories":[1],"tags":[],"_links":{"self":[{"href":"https:\/\/blog.polityka.pl\/adamczewski\/wp-json\/wp\/v2\/posts\/9583"}],"collection":[{"href":"https:\/\/blog.polityka.pl\/adamczewski\/wp-json\/wp\/v2\/posts"}],"about":[{"href":"https:\/\/blog.polityka.pl\/adamczewski\/wp-json\/wp\/v2\/types\/post"}],"author":[{"embeddable":true,"href":"https:\/\/blog.polityka.pl\/adamczewski\/wp-json\/wp\/v2\/users\/2"}],"replies":[{"embeddable":true,"href":"https:\/\/blog.polityka.pl\/adamczewski\/wp-json\/wp\/v2\/comments?post=9583"}],"version-history":[{"count":0,"href":"https:\/\/blog.polityka.pl\/adamczewski\/wp-json\/wp\/v2\/posts\/9583\/revisions"}],"wp:attachment":[{"href":"https:\/\/blog.polityka.pl\/adamczewski\/wp-json\/wp\/v2\/media?parent=9583"}],"wp:term":[{"taxonomy":"category","embeddable":true,"href":"https:\/\/blog.polityka.pl\/adamczewski\/wp-json\/wp\/v2\/categories?post=9583"},{"taxonomy":"post_tag","embeddable":true,"href":"https:\/\/blog.polityka.pl\/adamczewski\/wp-json\/wp\/v2\/tags?post=9583"}],"curies":[{"name":"wp","href":"https:\/\/api.w.org\/{rel}","templated":true}]}}