
{"id":9584,"date":"2008-01-11T15:58:00","date_gmt":"2008-01-11T15:58:00","guid":{"rendered":"http:\/\/adamczewscy.pl\/?p=1650"},"modified":"2008-01-11T15:58:00","modified_gmt":"2008-01-11T15:58:00","slug":"bulgur","status":"publish","type":"post","link":"https:\/\/blog.polityka.pl\/adamczewski\/2008\/01\/11\/bulgur\/","title":{"rendered":"Bulgur"},"content":{"rendered":"<p>Kasza ta jest od niedawna dost\u0119pna w sklepach z \u017cywno\u015bci\u0105 orientaln\u0105. Jest to produkt typowy dla \u008crodkowego Wschodu i P\u00f3\u0142nocnej Afryki. Poniewa\u017c jest niezwykle \u0142atwy i szybki do przygotowania, bardzo wiele os\u00f3b w\u0142\u0105czy\u0142o bulgur do sta\u0142ego repertuaru kuchennego. Bulgur to preparowana \u0142amana pszenica, kt\u00f3r\u0105 przygotowuje si\u0119, zalewaj\u0105c wrz\u0105c\u0105, osolon\u0105 wod\u0105. Po chwili mamy gotowy dodatek do mi\u0119s ryb czy warzyw. Je\u015bli doda si\u0119 do zalanej wrz\u0105tkiem kaszy bulgur odrobin\u0119 nasion kardamonu i cynamon oraz 2 go\u009fdziki, powstanie znakomite pachn\u0105ce Orientem danie. Bulgur mo\u017cna zastosowa\u0107 jako dodatek do innych da\u0144 lub jako jeden ze sk\u0142adnik\u00f3w do ich przyrz\u0105dzenia. <\/p>\n","protected":false},"excerpt":{"rendered":"<p>Kasza ta jest od niedawna dost\u0119pna w sklepach z \u017cywno\u015bci\u0105 orientaln\u0105. Jest to produkt typowy dla \u008crodkowego Wschodu i P\u00f3\u0142nocnej Afryki. Poniewa\u017c jest niezwykle \u0142atwy i szybki do przygotowania, bardzo wiele os\u00f3b w\u0142\u0105czy\u0142o bulgur do sta\u0142ego repertuaru kuchennego. Bulgur to preparowana \u0142amana pszenica, kt\u00f3r\u0105 przygotowuje si\u0119, zalewaj\u0105c wrz\u0105c\u0105, osolon\u0105 wod\u0105. Po chwili mamy gotowy dodatek [&hellip;]<\/p>\n","protected":false},"author":2,"featured_media":0,"comment_status":"open","ping_status":"open","sticky":false,"template":"","format":"standard","meta":{"footnotes":""},"categories":[1],"tags":[],"_links":{"self":[{"href":"https:\/\/blog.polityka.pl\/adamczewski\/wp-json\/wp\/v2\/posts\/9584"}],"collection":[{"href":"https:\/\/blog.polityka.pl\/adamczewski\/wp-json\/wp\/v2\/posts"}],"about":[{"href":"https:\/\/blog.polityka.pl\/adamczewski\/wp-json\/wp\/v2\/types\/post"}],"author":[{"embeddable":true,"href":"https:\/\/blog.polityka.pl\/adamczewski\/wp-json\/wp\/v2\/users\/2"}],"replies":[{"embeddable":true,"href":"https:\/\/blog.polityka.pl\/adamczewski\/wp-json\/wp\/v2\/comments?post=9584"}],"version-history":[{"count":0,"href":"https:\/\/blog.polityka.pl\/adamczewski\/wp-json\/wp\/v2\/posts\/9584\/revisions"}],"wp:attachment":[{"href":"https:\/\/blog.polityka.pl\/adamczewski\/wp-json\/wp\/v2\/media?parent=9584"}],"wp:term":[{"taxonomy":"category","embeddable":true,"href":"https:\/\/blog.polityka.pl\/adamczewski\/wp-json\/wp\/v2\/categories?post=9584"},{"taxonomy":"post_tag","embeddable":true,"href":"https:\/\/blog.polityka.pl\/adamczewski\/wp-json\/wp\/v2\/tags?post=9584"}],"curies":[{"name":"wp","href":"https:\/\/api.w.org\/{rel}","templated":true}]}}