
{"id":9588,"date":"2008-01-11T15:58:00","date_gmt":"2008-01-11T15:58:00","guid":{"rendered":"http:\/\/adamczewscy.pl\/?p=1654"},"modified":"2008-01-11T15:58:00","modified_gmt":"2008-01-11T15:58:00","slug":"baklazany-z-feta","status":"publish","type":"post","link":"https:\/\/blog.polityka.pl\/adamczewski\/2008\/01\/11\/baklazany-z-feta\/","title":{"rendered":"Bak\u0142a\u017cany z fet\u0105"},"content":{"rendered":"<p>(4 porcje)<\/p>\n<p>2 \u015brednie bak\u0142a\u017cany, 25 dag fety, 2 \u0142y\u017cki posiekanej kolendry, 3 \u0142y\u017cki oliwy z oliwek, pieprz, s\u00f3l<\/p>\n<p>Upiec bak\u0142a\u017cany w piekarniku. Kiedy zbr\u0105zowieje sk\u00f3rka, po mniej wi\u0119cej 20\u009625 minutach wyj\u0105\u0107, lekko ostudzi\u0107, po czym przekroi\u0107 wzd\u0142u\u017c na po\u0142owy. \u0141y\u017ck\u0105 usun\u0105\u0107 mi\u0105\u017csz, pozostawiaj\u0105c przy sk\u00f3rce cienk\u0105 jego warstw\u0119. Wyj\u0119ty mi\u0105\u017csz wymiesza\u0107 widelcem z pokruszon\u0105 fet\u0105, doprawi\u0107 pieprzem, sol\u0105, oliw\u0105 i nape\u0142ni\u0107 farszem sk\u00f3rki, po czym wstawi\u0107 na 2\u00967 minut do nagrzanego piekarnika, aby silnie si\u0119 podgrza\u0142y. <\/p>\n","protected":false},"excerpt":{"rendered":"<p>(4 porcje) 2 \u015brednie bak\u0142a\u017cany, 25 dag fety, 2 \u0142y\u017cki posiekanej kolendry, 3 \u0142y\u017cki oliwy z oliwek, pieprz, s\u00f3l Upiec bak\u0142a\u017cany w piekarniku. Kiedy zbr\u0105zowieje sk\u00f3rka, po mniej wi\u0119cej 20\u009625 minutach wyj\u0105\u0107, lekko ostudzi\u0107, po czym przekroi\u0107 wzd\u0142u\u017c na po\u0142owy. \u0141y\u017ck\u0105 usun\u0105\u0107 mi\u0105\u017csz, pozostawiaj\u0105c przy sk\u00f3rce cienk\u0105 jego warstw\u0119. Wyj\u0119ty mi\u0105\u017csz wymiesza\u0107 widelcem z pokruszon\u0105 [&hellip;]<\/p>\n","protected":false},"author":2,"featured_media":0,"comment_status":"open","ping_status":"open","sticky":false,"template":"","format":"standard","meta":{"footnotes":""},"categories":[1],"tags":[],"_links":{"self":[{"href":"https:\/\/blog.polityka.pl\/adamczewski\/wp-json\/wp\/v2\/posts\/9588"}],"collection":[{"href":"https:\/\/blog.polityka.pl\/adamczewski\/wp-json\/wp\/v2\/posts"}],"about":[{"href":"https:\/\/blog.polityka.pl\/adamczewski\/wp-json\/wp\/v2\/types\/post"}],"author":[{"embeddable":true,"href":"https:\/\/blog.polityka.pl\/adamczewski\/wp-json\/wp\/v2\/users\/2"}],"replies":[{"embeddable":true,"href":"https:\/\/blog.polityka.pl\/adamczewski\/wp-json\/wp\/v2\/comments?post=9588"}],"version-history":[{"count":0,"href":"https:\/\/blog.polityka.pl\/adamczewski\/wp-json\/wp\/v2\/posts\/9588\/revisions"}],"wp:attachment":[{"href":"https:\/\/blog.polityka.pl\/adamczewski\/wp-json\/wp\/v2\/media?parent=9588"}],"wp:term":[{"taxonomy":"category","embeddable":true,"href":"https:\/\/blog.polityka.pl\/adamczewski\/wp-json\/wp\/v2\/categories?post=9588"},{"taxonomy":"post_tag","embeddable":true,"href":"https:\/\/blog.polityka.pl\/adamczewski\/wp-json\/wp\/v2\/tags?post=9588"}],"curies":[{"name":"wp","href":"https:\/\/api.w.org\/{rel}","templated":true}]}}