
{"id":9592,"date":"2008-01-11T15:58:00","date_gmt":"2008-01-11T15:58:00","guid":{"rendered":"http:\/\/adamczewscy.pl\/?p=1660"},"modified":"2008-01-11T15:58:00","modified_gmt":"2008-01-11T15:58:00","slug":"hummus","status":"publish","type":"post","link":"https:\/\/blog.polityka.pl\/adamczewski\/2008\/01\/11\/hummus\/","title":{"rendered":"Hummus"},"content":{"rendered":"<p>(2\u00964 porcje)<\/p>\n<p>1 puszka ciecierzycy (45\u009650 dag), 2 \u0142y\u017cki sezamowej pasty tahina, 1 z\u0105bek czosnku, 1 cytryna, s\u00f3l<\/p>\n<p>Ods\u0105czy\u0107 ciecierzyc\u0119, wraz z past\u0105 tahina zmiksowa\u0107 na g\u0142adk\u0105 mas\u0119, doda\u0107 przeci\u015bni\u0119ty przez prask\u0119 czosnek, sok z cytryny i doprawi\u0107 sol\u0105 do smaku. Hummus podawa\u0107 z surowymi warzywami, grzankami albo s\u0142onymi paluszkami lub jako dodatek do falafli. <\/p>\n","protected":false},"excerpt":{"rendered":"<p>(2\u00964 porcje) 1 puszka ciecierzycy (45\u009650 dag), 2 \u0142y\u017cki sezamowej pasty tahina, 1 z\u0105bek czosnku, 1 cytryna, s\u00f3l Ods\u0105czy\u0107 ciecierzyc\u0119, wraz z past\u0105 tahina zmiksowa\u0107 na g\u0142adk\u0105 mas\u0119, doda\u0107 przeci\u015bni\u0119ty przez prask\u0119 czosnek, sok z cytryny i doprawi\u0107 sol\u0105 do smaku. Hummus podawa\u0107 z surowymi warzywami, grzankami albo s\u0142onymi paluszkami lub jako dodatek do falafli.<\/p>\n","protected":false},"author":2,"featured_media":0,"comment_status":"open","ping_status":"open","sticky":false,"template":"","format":"standard","meta":{"footnotes":""},"categories":[1],"tags":[],"_links":{"self":[{"href":"https:\/\/blog.polityka.pl\/adamczewski\/wp-json\/wp\/v2\/posts\/9592"}],"collection":[{"href":"https:\/\/blog.polityka.pl\/adamczewski\/wp-json\/wp\/v2\/posts"}],"about":[{"href":"https:\/\/blog.polityka.pl\/adamczewski\/wp-json\/wp\/v2\/types\/post"}],"author":[{"embeddable":true,"href":"https:\/\/blog.polityka.pl\/adamczewski\/wp-json\/wp\/v2\/users\/2"}],"replies":[{"embeddable":true,"href":"https:\/\/blog.polityka.pl\/adamczewski\/wp-json\/wp\/v2\/comments?post=9592"}],"version-history":[{"count":0,"href":"https:\/\/blog.polityka.pl\/adamczewski\/wp-json\/wp\/v2\/posts\/9592\/revisions"}],"wp:attachment":[{"href":"https:\/\/blog.polityka.pl\/adamczewski\/wp-json\/wp\/v2\/media?parent=9592"}],"wp:term":[{"taxonomy":"category","embeddable":true,"href":"https:\/\/blog.polityka.pl\/adamczewski\/wp-json\/wp\/v2\/categories?post=9592"},{"taxonomy":"post_tag","embeddable":true,"href":"https:\/\/blog.polityka.pl\/adamczewski\/wp-json\/wp\/v2\/tags?post=9592"}],"curies":[{"name":"wp","href":"https:\/\/api.w.org\/{rel}","templated":true}]}}