
{"id":9595,"date":"2008-01-11T15:58:00","date_gmt":"2008-01-11T15:58:00","guid":{"rendered":"http:\/\/adamczewscy.pl\/?p=1663"},"modified":"2008-01-11T15:58:00","modified_gmt":"2008-01-11T15:58:00","slug":"omlet-z-kwiatami-cukinii","status":"publish","type":"post","link":"https:\/\/blog.polityka.pl\/adamczewski\/2008\/01\/11\/omlet-z-kwiatami-cukinii\/","title":{"rendered":"Omlet z kwiatami cukinii"},"content":{"rendered":"<p>(2\u00964 porcje)<\/p>\n<p>4 jaja, s\u00f3l, 1\/2 szklanki oliwy z oliwek, 12\u009616 kwiat\u00f3w cukinii, 2 \u0142y\u017cki m\u0105ki <\/p>\n<p>Umyte i osuszone kwiaty cukinii obtoczy\u0107 w m\u0105ce. Rozgrza\u0107 po\u0142ow\u0119 oliwy i usma\u017cy\u0107 je na chrupko, po czym poprzekrawa\u0107 na kilka cz\u0119\u015bci. Jaja lekko ubi\u0107 z sol\u0105, doda\u0107 sma\u017cone kwiaty cukinii, wymiesza\u0107. Na szerokiej patelni rozgrza\u0107 pozosta\u0142\u0105 oliw\u0119, wyla\u0107 mas\u0119 jajeczn\u0105 i sma\u017cy\u0107, podwa\u017caj\u0105c brzegi omletu, wreszcie przewr\u00f3ci\u0107 go na drug\u0105 stron\u0119 i dosma\u017cy\u0107. Omlet podzieli\u0107 na porcje i gor\u0105cy podawa\u0107. <\/p>\n","protected":false},"excerpt":{"rendered":"<p>(2\u00964 porcje) 4 jaja, s\u00f3l, 1\/2 szklanki oliwy z oliwek, 12\u009616 kwiat\u00f3w cukinii, 2 \u0142y\u017cki m\u0105ki Umyte i osuszone kwiaty cukinii obtoczy\u0107 w m\u0105ce. Rozgrza\u0107 po\u0142ow\u0119 oliwy i usma\u017cy\u0107 je na chrupko, po czym poprzekrawa\u0107 na kilka cz\u0119\u015bci. Jaja lekko ubi\u0107 z sol\u0105, doda\u0107 sma\u017cone kwiaty cukinii, wymiesza\u0107. Na szerokiej patelni rozgrza\u0107 pozosta\u0142\u0105 oliw\u0119, wyla\u0107 [&hellip;]<\/p>\n","protected":false},"author":2,"featured_media":0,"comment_status":"open","ping_status":"open","sticky":false,"template":"","format":"standard","meta":{"footnotes":""},"categories":[1],"tags":[],"_links":{"self":[{"href":"https:\/\/blog.polityka.pl\/adamczewski\/wp-json\/wp\/v2\/posts\/9595"}],"collection":[{"href":"https:\/\/blog.polityka.pl\/adamczewski\/wp-json\/wp\/v2\/posts"}],"about":[{"href":"https:\/\/blog.polityka.pl\/adamczewski\/wp-json\/wp\/v2\/types\/post"}],"author":[{"embeddable":true,"href":"https:\/\/blog.polityka.pl\/adamczewski\/wp-json\/wp\/v2\/users\/2"}],"replies":[{"embeddable":true,"href":"https:\/\/blog.polityka.pl\/adamczewski\/wp-json\/wp\/v2\/comments?post=9595"}],"version-history":[{"count":0,"href":"https:\/\/blog.polityka.pl\/adamczewski\/wp-json\/wp\/v2\/posts\/9595\/revisions"}],"wp:attachment":[{"href":"https:\/\/blog.polityka.pl\/adamczewski\/wp-json\/wp\/v2\/media?parent=9595"}],"wp:term":[{"taxonomy":"category","embeddable":true,"href":"https:\/\/blog.polityka.pl\/adamczewski\/wp-json\/wp\/v2\/categories?post=9595"},{"taxonomy":"post_tag","embeddable":true,"href":"https:\/\/blog.polityka.pl\/adamczewski\/wp-json\/wp\/v2\/tags?post=9595"}],"curies":[{"name":"wp","href":"https:\/\/api.w.org\/{rel}","templated":true}]}}