
{"id":9622,"date":"2008-01-11T15:58:00","date_gmt":"2008-01-11T15:58:00","guid":{"rendered":"http:\/\/adamczewscy.pl\/?p=1691"},"modified":"2008-01-11T15:58:00","modified_gmt":"2008-01-11T15:58:00","slug":"imbirowy-ryz","status":"publish","type":"post","link":"https:\/\/blog.polityka.pl\/adamczewski\/2008\/01\/11\/imbirowy-ryz\/","title":{"rendered":"Imbirowy ry\u017c"},"content":{"rendered":"<p>(6\u00968 porcji)<\/p>\n<p>4 woreczki ugotowanego ry\u017cu (ka\u017cdy po 125 g), 2 plasterki szynki, 2 jaja, 2 du\u017ce z\u0105bki czosnku, 2 \u0142y\u017ceczki \u015bwie\u017co startego imbiru, 1 \u0142y\u017ceczka sosu sojowego, 3 \u0142y\u017cki oleju lub oliwy, 2 \u0142y\u017ceczki siekanego szczypiorku<\/p>\n<p>Szynk\u0119 posieka\u0107 jak najdrobniej. Rozgrza\u0107 na g\u0142\u0119bszej patelni oliw\u0119 lub olej, doda\u0107 przeci\u015bni\u0119ty przez prask\u0119 czosnek i starty imbir, podgrzewa\u0107 chwil\u0119, nie dopuszczaj\u0105c do zrumienienia. Doda\u0107 rozbite jajka i chwil\u0119 sma\u017cy\u0107 mieszaj\u0105c, po czym doda\u0107 szynk\u0119 i ry\u017c oraz jeszcze raz chwil\u0119 sma\u017cy\u0107. Nast\u0119pnie doda\u0107 sos sojowy i s\u00f3l do smaku oraz szczypiorek, wymiesza\u0107 i podawa\u0107 potraw\u0119 bardzo gor\u0105c\u0105. <\/p>\n","protected":false},"excerpt":{"rendered":"<p>(6\u00968 porcji) 4 woreczki ugotowanego ry\u017cu (ka\u017cdy po 125 g), 2 plasterki szynki, 2 jaja, 2 du\u017ce z\u0105bki czosnku, 2 \u0142y\u017ceczki \u015bwie\u017co startego imbiru, 1 \u0142y\u017ceczka sosu sojowego, 3 \u0142y\u017cki oleju lub oliwy, 2 \u0142y\u017ceczki siekanego szczypiorku Szynk\u0119 posieka\u0107 jak najdrobniej. Rozgrza\u0107 na g\u0142\u0119bszej patelni oliw\u0119 lub olej, doda\u0107 przeci\u015bni\u0119ty przez prask\u0119 czosnek i starty [&hellip;]<\/p>\n","protected":false},"author":2,"featured_media":0,"comment_status":"open","ping_status":"open","sticky":false,"template":"","format":"standard","meta":{"footnotes":""},"categories":[1],"tags":[],"_links":{"self":[{"href":"https:\/\/blog.polityka.pl\/adamczewski\/wp-json\/wp\/v2\/posts\/9622"}],"collection":[{"href":"https:\/\/blog.polityka.pl\/adamczewski\/wp-json\/wp\/v2\/posts"}],"about":[{"href":"https:\/\/blog.polityka.pl\/adamczewski\/wp-json\/wp\/v2\/types\/post"}],"author":[{"embeddable":true,"href":"https:\/\/blog.polityka.pl\/adamczewski\/wp-json\/wp\/v2\/users\/2"}],"replies":[{"embeddable":true,"href":"https:\/\/blog.polityka.pl\/adamczewski\/wp-json\/wp\/v2\/comments?post=9622"}],"version-history":[{"count":0,"href":"https:\/\/blog.polityka.pl\/adamczewski\/wp-json\/wp\/v2\/posts\/9622\/revisions"}],"wp:attachment":[{"href":"https:\/\/blog.polityka.pl\/adamczewski\/wp-json\/wp\/v2\/media?parent=9622"}],"wp:term":[{"taxonomy":"category","embeddable":true,"href":"https:\/\/blog.polityka.pl\/adamczewski\/wp-json\/wp\/v2\/categories?post=9622"},{"taxonomy":"post_tag","embeddable":true,"href":"https:\/\/blog.polityka.pl\/adamczewski\/wp-json\/wp\/v2\/tags?post=9622"}],"curies":[{"name":"wp","href":"https:\/\/api.w.org\/{rel}","templated":true}]}}