
{"id":9623,"date":"2008-01-11T15:58:00","date_gmt":"2008-01-11T15:58:00","guid":{"rendered":"http:\/\/adamczewscy.pl\/?p=1692"},"modified":"2008-01-11T15:58:00","modified_gmt":"2008-01-11T15:58:00","slug":"imbirowe-puree-z-dyni","status":"publish","type":"post","link":"https:\/\/blog.polityka.pl\/adamczewski\/2008\/01\/11\/imbirowe-puree-z-dyni\/","title":{"rendered":"Imbirowe pur\u00e9e z dyni"},"content":{"rendered":"<p>(4 porcje)<\/p>\n<p>1 1\/2 kg dyni, 1\/2 \u0142y\u017ceczki \u015bwie\u017co startego korzenia imbiru,<br \/>\n1\/2 szklanki mleka, 2 \u0142y\u017cki mas\u0142a, s\u00f3l, pieprz<\/p>\n<p>Dyni\u0119 upiec w piekarniku do zupe\u0142nej mi\u0119kko\u015bci (trwa to oko\u0142o<br \/>\n40\u009650 minut), usun\u0105\u0107 sk\u00f3rk\u0119 i pestki, mi\u0105\u017csz zmiksowa\u0107. Mleko zagrza\u0107<br \/>\nz mas\u0142em, doda\u0107 zmiksowan\u0105 dyni\u0119 oraz starty imbir, s\u00f3l i pieprz. Zagrza\u0107 energicznie mieszaj\u0105c, aby nie dopu\u015bci\u0107 do przypalenia. Podawa\u0107 pur\u00e9e od razu, gor\u0105ce. <\/p>\n","protected":false},"excerpt":{"rendered":"<p>(4 porcje) 1 1\/2 kg dyni, 1\/2 \u0142y\u017ceczki \u015bwie\u017co startego korzenia imbiru, 1\/2 szklanki mleka, 2 \u0142y\u017cki mas\u0142a, s\u00f3l, pieprz Dyni\u0119 upiec w piekarniku do zupe\u0142nej mi\u0119kko\u015bci (trwa to oko\u0142o 40\u009650 minut), usun\u0105\u0107 sk\u00f3rk\u0119 i pestki, mi\u0105\u017csz zmiksowa\u0107. Mleko zagrza\u0107 z mas\u0142em, doda\u0107 zmiksowan\u0105 dyni\u0119 oraz starty imbir, s\u00f3l i pieprz. Zagrza\u0107 energicznie mieszaj\u0105c, aby [&hellip;]<\/p>\n","protected":false},"author":2,"featured_media":0,"comment_status":"open","ping_status":"open","sticky":false,"template":"","format":"standard","meta":{"footnotes":""},"categories":[1],"tags":[],"_links":{"self":[{"href":"https:\/\/blog.polityka.pl\/adamczewski\/wp-json\/wp\/v2\/posts\/9623"}],"collection":[{"href":"https:\/\/blog.polityka.pl\/adamczewski\/wp-json\/wp\/v2\/posts"}],"about":[{"href":"https:\/\/blog.polityka.pl\/adamczewski\/wp-json\/wp\/v2\/types\/post"}],"author":[{"embeddable":true,"href":"https:\/\/blog.polityka.pl\/adamczewski\/wp-json\/wp\/v2\/users\/2"}],"replies":[{"embeddable":true,"href":"https:\/\/blog.polityka.pl\/adamczewski\/wp-json\/wp\/v2\/comments?post=9623"}],"version-history":[{"count":0,"href":"https:\/\/blog.polityka.pl\/adamczewski\/wp-json\/wp\/v2\/posts\/9623\/revisions"}],"wp:attachment":[{"href":"https:\/\/blog.polityka.pl\/adamczewski\/wp-json\/wp\/v2\/media?parent=9623"}],"wp:term":[{"taxonomy":"category","embeddable":true,"href":"https:\/\/blog.polityka.pl\/adamczewski\/wp-json\/wp\/v2\/categories?post=9623"},{"taxonomy":"post_tag","embeddable":true,"href":"https:\/\/blog.polityka.pl\/adamczewski\/wp-json\/wp\/v2\/tags?post=9623"}],"curies":[{"name":"wp","href":"https:\/\/api.w.org\/{rel}","templated":true}]}}