
{"id":9639,"date":"2008-01-11T15:58:00","date_gmt":"2008-01-11T15:58:00","guid":{"rendered":"http:\/\/adamczewscy.pl\/?p=1708"},"modified":"2008-01-11T15:58:00","modified_gmt":"2008-01-11T15:58:00","slug":"kuskus","status":"publish","type":"post","link":"https:\/\/blog.polityka.pl\/adamczewski\/2008\/01\/11\/kuskus\/","title":{"rendered":"Kuskus"},"content":{"rendered":"<p>Kuskus to tradycyjna potrawa kuchni arabskich, a jednocze\u015bnie produkt przeznaczony do jej przyrz\u0105dzania: grysik, kt\u00f3rego ka\u017cde ziarenko obtoczone jest w m\u0105ce lub drobniejszym grysiku. Na polskim rynku dost\u0119pne s\u0105 rozmaite gatunki kuskusu, kt\u00f3ry ma t\u0119 zalet\u0119, \u017ce zawsze si\u0119 udaje, a dla os\u00f3b maj\u0105cych ma\u0142o czasu na przyrz\u0105dzanie posi\u0142k\u00f3w jest wr\u0119cz niezast\u0105piony. Wystarczy wysypa\u0107 go na durszlak lub metalowe sitko, umie\u015bci\u0107 nad wrz\u0105c\u0105 wod\u0105 lub roso\u0142em i ju\u017c za kilka minut otrzymamy doskona\u0142y dodatek do da\u0144 z ryb, mi\u0119sa czy warzyw. Mo\u017cemy tak\u017ce kupi\u0107 kuskus, kt\u00f3rego przygotowanie jest jeszcze prostsze: zalewa si\u0119 kaszk\u0119 odpowiedni\u0105 ilo\u015bci\u0105 wrz\u0105cej osolonej wody, nakrywa i po kilku minutach jest gotowa. Kuskus mo\u017cna tak\u017ce wykorzysta\u0107 do przygotowania wielu potraw. <\/p>\n","protected":false},"excerpt":{"rendered":"<p>Kuskus to tradycyjna potrawa kuchni arabskich, a jednocze\u015bnie produkt przeznaczony do jej przyrz\u0105dzania: grysik, kt\u00f3rego ka\u017cde ziarenko obtoczone jest w m\u0105ce lub drobniejszym grysiku. Na polskim rynku dost\u0119pne s\u0105 rozmaite gatunki kuskusu, kt\u00f3ry ma t\u0119 zalet\u0119, \u017ce zawsze si\u0119 udaje, a dla os\u00f3b maj\u0105cych ma\u0142o czasu na przyrz\u0105dzanie posi\u0142k\u00f3w jest wr\u0119cz niezast\u0105piony. Wystarczy wysypa\u0107 go [&hellip;]<\/p>\n","protected":false},"author":2,"featured_media":0,"comment_status":"open","ping_status":"open","sticky":false,"template":"","format":"standard","meta":{"footnotes":""},"categories":[1],"tags":[],"_links":{"self":[{"href":"https:\/\/blog.polityka.pl\/adamczewski\/wp-json\/wp\/v2\/posts\/9639"}],"collection":[{"href":"https:\/\/blog.polityka.pl\/adamczewski\/wp-json\/wp\/v2\/posts"}],"about":[{"href":"https:\/\/blog.polityka.pl\/adamczewski\/wp-json\/wp\/v2\/types\/post"}],"author":[{"embeddable":true,"href":"https:\/\/blog.polityka.pl\/adamczewski\/wp-json\/wp\/v2\/users\/2"}],"replies":[{"embeddable":true,"href":"https:\/\/blog.polityka.pl\/adamczewski\/wp-json\/wp\/v2\/comments?post=9639"}],"version-history":[{"count":0,"href":"https:\/\/blog.polityka.pl\/adamczewski\/wp-json\/wp\/v2\/posts\/9639\/revisions"}],"wp:attachment":[{"href":"https:\/\/blog.polityka.pl\/adamczewski\/wp-json\/wp\/v2\/media?parent=9639"}],"wp:term":[{"taxonomy":"category","embeddable":true,"href":"https:\/\/blog.polityka.pl\/adamczewski\/wp-json\/wp\/v2\/categories?post=9639"},{"taxonomy":"post_tag","embeddable":true,"href":"https:\/\/blog.polityka.pl\/adamczewski\/wp-json\/wp\/v2\/tags?post=9639"}],"curies":[{"name":"wp","href":"https:\/\/api.w.org\/{rel}","templated":true}]}}