
{"id":9650,"date":"2008-01-11T15:58:00","date_gmt":"2008-01-11T15:58:00","guid":{"rendered":"http:\/\/adamczewscy.pl\/?p=1719"},"modified":"2008-01-11T15:58:00","modified_gmt":"2008-01-11T15:58:00","slug":"mascarpone","status":"publish","type":"post","link":"https:\/\/blog.polityka.pl\/adamczewski\/2008\/01\/11\/mascarpone\/","title":{"rendered":"Mascarpone"},"content":{"rendered":"<p>To jeszcze jeden ser, wa\u017cny i typowy dla kuchni wszystkich region\u00f3w w\u0142oskich. Kremowy, a zarazem lekki jest niezb\u0119dnym sk\u0142adnikiem tiramisu, ale s\u0142u\u017cy te\u017c jako podstawa do przygotowania wielu innych deser\u00f3w. Serkiem mascarpone mo\u017cna tak\u017ce zag\u0119szcza\u0107 sosy i zupy (o ile nie s\u0105 kwa\u015bne, bo w\u00f3wczas \u0142atwo si\u0119 warzy). <\/p>\n","protected":false},"excerpt":{"rendered":"<p>To jeszcze jeden ser, wa\u017cny i typowy dla kuchni wszystkich region\u00f3w w\u0142oskich. Kremowy, a zarazem lekki jest niezb\u0119dnym sk\u0142adnikiem tiramisu, ale s\u0142u\u017cy te\u017c jako podstawa do przygotowania wielu innych deser\u00f3w. Serkiem mascarpone mo\u017cna tak\u017ce zag\u0119szcza\u0107 sosy i zupy (o ile nie s\u0105 kwa\u015bne, bo w\u00f3wczas \u0142atwo si\u0119 warzy).<\/p>\n","protected":false},"author":2,"featured_media":0,"comment_status":"open","ping_status":"open","sticky":false,"template":"","format":"standard","meta":{"footnotes":""},"categories":[1],"tags":[],"_links":{"self":[{"href":"https:\/\/blog.polityka.pl\/adamczewski\/wp-json\/wp\/v2\/posts\/9650"}],"collection":[{"href":"https:\/\/blog.polityka.pl\/adamczewski\/wp-json\/wp\/v2\/posts"}],"about":[{"href":"https:\/\/blog.polityka.pl\/adamczewski\/wp-json\/wp\/v2\/types\/post"}],"author":[{"embeddable":true,"href":"https:\/\/blog.polityka.pl\/adamczewski\/wp-json\/wp\/v2\/users\/2"}],"replies":[{"embeddable":true,"href":"https:\/\/blog.polityka.pl\/adamczewski\/wp-json\/wp\/v2\/comments?post=9650"}],"version-history":[{"count":0,"href":"https:\/\/blog.polityka.pl\/adamczewski\/wp-json\/wp\/v2\/posts\/9650\/revisions"}],"wp:attachment":[{"href":"https:\/\/blog.polityka.pl\/adamczewski\/wp-json\/wp\/v2\/media?parent=9650"}],"wp:term":[{"taxonomy":"category","embeddable":true,"href":"https:\/\/blog.polityka.pl\/adamczewski\/wp-json\/wp\/v2\/categories?post=9650"},{"taxonomy":"post_tag","embeddable":true,"href":"https:\/\/blog.polityka.pl\/adamczewski\/wp-json\/wp\/v2\/tags?post=9650"}],"curies":[{"name":"wp","href":"https:\/\/api.w.org\/{rel}","templated":true}]}}