
{"id":9663,"date":"2008-01-13T19:40:41","date_gmt":"2008-01-13T18:40:41","guid":{"rendered":"http:\/\/adamczewscy.pl\/?p=593"},"modified":"2008-01-13T19:40:41","modified_gmt":"2008-01-13T18:40:41","slug":"krem-z-pieczarek","status":"publish","type":"post","link":"https:\/\/blog.polityka.pl\/adamczewski\/2008\/01\/13\/krem-z-pieczarek\/","title":{"rendered":"Krem z pieczarek"},"content":{"rendered":"<p><em>(4 porcje)<\/p>\n<p>30-35 dag pieczarek, \u0142y\u017cka mas\u0142a, udko z kurczaka, marchew, pietruszka, kawa\u0142ek selera i pora, ? szklanki kremowej \u015bmietanki, \u0142y\u017cka m\u0105ki, s\u00f3l, pieprz, \u0142y\u017cka siekanej zielonej pietruszki.<\/em><br \/>\n1. Udko wraz z obran\u0105 marchwi\u0105, pietruszk\u0105, selerem i porem ugotowa\u0107 z 4 szklankami wody i sol\u0105 do smaku.<br \/>\n2. Pieczarki umy\u0107, pokroi\u0107 w plasterki i chwil\u0119 poddusi\u0107 na ma\u015ble, po czym wla\u0107 szklank\u0119 wywaru i ugotowa\u0107. Ostudzi\u0107<br \/>\n3. Ugotowane pieczarki zmiksowa\u0107 na g\u0142adk\u0105 mas\u0119, po\u0142\u0105czy\u0107 z pozosta\u0142ym wywarem, doprawi\u0107 pieprzem i sol\u0105.<br \/>\n4. Wymiesza\u0107 \u015bmietan\u0119 z m\u0105k\u0105, doda\u0107 do zupy, starannie wymiesza\u0107 i zagotowa\u0107.<\/p>\n<p>Krem z pieczarek mo\u017cna podawa\u0107 z kruchymi s\u0142onymi ciastkami lub grzankami, posypany siekan\u0105 zielon\u0105 pietruszk\u0105.<\/p>\n","protected":false},"excerpt":{"rendered":"<p>(4 porcje) 30-35 dag pieczarek, \u0142y\u017cka mas\u0142a, udko z kurczaka, marchew, pietruszka, kawa\u0142ek selera i pora, ? szklanki kremowej \u015bmietanki, \u0142y\u017cka m\u0105ki, s\u00f3l, pieprz, \u0142y\u017cka siekanej zielonej pietruszki. 1. Udko wraz z obran\u0105 marchwi\u0105, pietruszk\u0105, selerem i porem ugotowa\u0107 z 4 szklankami wody i sol\u0105 do smaku. 2. Pieczarki umy\u0107, pokroi\u0107 w plasterki i chwil\u0119 [&hellip;]<\/p>\n","protected":false},"author":2,"featured_media":0,"comment_status":"open","ping_status":"open","sticky":false,"template":"","format":"standard","meta":{"footnotes":""},"categories":[1],"tags":[],"_links":{"self":[{"href":"https:\/\/blog.polityka.pl\/adamczewski\/wp-json\/wp\/v2\/posts\/9663"}],"collection":[{"href":"https:\/\/blog.polityka.pl\/adamczewski\/wp-json\/wp\/v2\/posts"}],"about":[{"href":"https:\/\/blog.polityka.pl\/adamczewski\/wp-json\/wp\/v2\/types\/post"}],"author":[{"embeddable":true,"href":"https:\/\/blog.polityka.pl\/adamczewski\/wp-json\/wp\/v2\/users\/2"}],"replies":[{"embeddable":true,"href":"https:\/\/blog.polityka.pl\/adamczewski\/wp-json\/wp\/v2\/comments?post=9663"}],"version-history":[{"count":0,"href":"https:\/\/blog.polityka.pl\/adamczewski\/wp-json\/wp\/v2\/posts\/9663\/revisions"}],"wp:attachment":[{"href":"https:\/\/blog.polityka.pl\/adamczewski\/wp-json\/wp\/v2\/media?parent=9663"}],"wp:term":[{"taxonomy":"category","embeddable":true,"href":"https:\/\/blog.polityka.pl\/adamczewski\/wp-json\/wp\/v2\/categories?post=9663"},{"taxonomy":"post_tag","embeddable":true,"href":"https:\/\/blog.polityka.pl\/adamczewski\/wp-json\/wp\/v2\/tags?post=9663"}],"curies":[{"name":"wp","href":"https:\/\/api.w.org\/{rel}","templated":true}]}}