
{"id":9665,"date":"2008-01-13T19:43:56","date_gmt":"2008-01-13T18:43:56","guid":{"rendered":"http:\/\/adamczewscy.pl\/?p=595"},"modified":"2008-01-13T19:43:56","modified_gmt":"2008-01-13T18:43:56","slug":"pulpety-cielece-w-sosie-potrawkowym","status":"publish","type":"post","link":"https:\/\/blog.polityka.pl\/adamczewski\/2008\/01\/13\/pulpety-cielece-w-sosie-potrawkowym\/","title":{"rendered":"Pulpety ciel\u0119ce w sosie potrawkowym"},"content":{"rendered":"<p><em>(4 porcje)<\/p>\n<p>50 dag mielonego mi\u0119sa ciel\u0119cego, 1 czerstwa kajzerka, jajko, s\u00f3l, pieprz, \u0142y\u017cka siekanej zielonej pietruszki, kostka roso\u0142u drobiowego, \u0142y\u017cka m\u0105ki, \u0142y\u017ceczka mas\u0142a<\/em><br \/>\n1. Czerstw\u0105 kajzerk\u0119 namoczy\u0107 w wodzie, odcisn\u0105\u0107, rozdrobni\u0107.<br \/>\n2. Mi\u0119so wymiesza\u0107 z rozdrobnion\u0105 bu\u0142k\u0105, jajkiem, sol\u0105 i pieprzem, doda\u0107 siekan\u0105 zielon\u0105 pietruszk\u0119. Uformowa\u0107 pulpety wielko\u015bci ma\u0142ej mandarynki.<br \/>\n3. Zagotowa\u0107 2 szklanki wody z kostk\u0105 roso\u0142u drobiowego, do wrz\u0105cego wywaru w\u0142o\u017cy\u0107 pulpety i gotowa\u0107 powoli 20 minut.<br \/>\n4. Wymiesza\u0107 mas\u0142o z m\u0105k\u0105 i doda\u0107 do wywaru, w kt\u00f3rym gotowa\u0142y si\u0119 pulpety, chwil\u0119 gotowa\u0107 ca\u0142o\u015b\u0107 do lekkiego zg\u0119stnienia sosu.<br \/>\nPulpety podawa\u0107 z ry\u017cem.<\/p>\n","protected":false},"excerpt":{"rendered":"<p>(4 porcje) 50 dag mielonego mi\u0119sa ciel\u0119cego, 1 czerstwa kajzerka, jajko, s\u00f3l, pieprz, \u0142y\u017cka siekanej zielonej pietruszki, kostka roso\u0142u drobiowego, \u0142y\u017cka m\u0105ki, \u0142y\u017ceczka mas\u0142a 1. Czerstw\u0105 kajzerk\u0119 namoczy\u0107 w wodzie, odcisn\u0105\u0107, rozdrobni\u0107. 2. Mi\u0119so wymiesza\u0107 z rozdrobnion\u0105 bu\u0142k\u0105, jajkiem, sol\u0105 i pieprzem, doda\u0107 siekan\u0105 zielon\u0105 pietruszk\u0119. Uformowa\u0107 pulpety wielko\u015bci ma\u0142ej mandarynki. 3. Zagotowa\u0107 2 szklanki [&hellip;]<\/p>\n","protected":false},"author":2,"featured_media":0,"comment_status":"open","ping_status":"open","sticky":false,"template":"","format":"standard","meta":{"footnotes":""},"categories":[1],"tags":[],"_links":{"self":[{"href":"https:\/\/blog.polityka.pl\/adamczewski\/wp-json\/wp\/v2\/posts\/9665"}],"collection":[{"href":"https:\/\/blog.polityka.pl\/adamczewski\/wp-json\/wp\/v2\/posts"}],"about":[{"href":"https:\/\/blog.polityka.pl\/adamczewski\/wp-json\/wp\/v2\/types\/post"}],"author":[{"embeddable":true,"href":"https:\/\/blog.polityka.pl\/adamczewski\/wp-json\/wp\/v2\/users\/2"}],"replies":[{"embeddable":true,"href":"https:\/\/blog.polityka.pl\/adamczewski\/wp-json\/wp\/v2\/comments?post=9665"}],"version-history":[{"count":0,"href":"https:\/\/blog.polityka.pl\/adamczewski\/wp-json\/wp\/v2\/posts\/9665\/revisions"}],"wp:attachment":[{"href":"https:\/\/blog.polityka.pl\/adamczewski\/wp-json\/wp\/v2\/media?parent=9665"}],"wp:term":[{"taxonomy":"category","embeddable":true,"href":"https:\/\/blog.polityka.pl\/adamczewski\/wp-json\/wp\/v2\/categories?post=9665"},{"taxonomy":"post_tag","embeddable":true,"href":"https:\/\/blog.polityka.pl\/adamczewski\/wp-json\/wp\/v2\/tags?post=9665"}],"curies":[{"name":"wp","href":"https:\/\/api.w.org\/{rel}","templated":true}]}}