
{"id":9666,"date":"2008-01-13T19:46:18","date_gmt":"2008-01-13T18:46:18","guid":{"rendered":"http:\/\/adamczewscy.pl\/?p=596"},"modified":"2008-01-13T19:46:18","modified_gmt":"2008-01-13T18:46:18","slug":"spaghetti-z-pieczarkami-i-suszonymi-pomidorami","status":"publish","type":"post","link":"https:\/\/blog.polityka.pl\/adamczewski\/2008\/01\/13\/spaghetti-z-pieczarkami-i-suszonymi-pomidorami\/","title":{"rendered":"Spaghetti z pieczarkami i suszonymi pomidorami"},"content":{"rendered":"<p><em>(4 porcje)<\/p>\n<p>6 szalotek, 3 \u0142y\u017cki mas\u0142a i 2 \u0142y\u017cki oliwy z oliwek, 60 dag pieczarek, ? szklanki \u015bmietany, 10 dag suszonych pomidor\u00f3w, \u0142y\u017ceczka m\u0105ki, s\u00f3l, pieprz, 50 dag spaghetti, \u0142y\u017cka posiekanej zielonej pietruszki.<\/em><\/p>\n<p>1. Szalotki pokroi\u0107 w drobne pi\u00f3rka, pieczarki w plasterki.<br \/>\n2. W garnku rozpu\u015bci\u0107 mas\u0142o, doda\u0107 \u0142y\u017ck\u0119 oliwy , nast\u0119pnie pokrojone szalotki, chwil\u0119 sma\u017cy\u0107, po czym doda\u0107 pieczarki i dusi\u0107 5 minut. Doprawi\u0107 sol\u0105 i pieprzem, pod koniec duszenia opr\u00f3szy\u0107 m\u0105k\u0105.<br \/>\n3. Suszone pomidory pokroi\u0107 w paseczki.<br \/>\n4. Do usma\u017conych pieczarek doda\u0107 \u015bmietan\u0119 i pokrojone pomidory i gotowa\u0107 sos mieszaj\u0105c 7-8 minut.<br \/>\n5. Ugotowa\u0107 spaghetti w du\u017cej ilo\u015bci wody z \u0142y\u017ck\u0105 oliwy, odcedzi\u0107, zn\u00f3w w\u0142o\u017cy\u0107 makaron do garnka, doda\u0107 sos i mieszaj\u0105c podgrzewa\u0107 jeszcze 3 minuty.<br \/>\nPodawa\u0107 na g\u0142\u0119bokim p\u00f3\u0142misku, posypane suto siekan\u0105 zielon\u0105 pietruszk\u0105.<\/p>\n","protected":false},"excerpt":{"rendered":"<p>(4 porcje) 6 szalotek, 3 \u0142y\u017cki mas\u0142a i 2 \u0142y\u017cki oliwy z oliwek, 60 dag pieczarek, ? szklanki \u015bmietany, 10 dag suszonych pomidor\u00f3w, \u0142y\u017ceczka m\u0105ki, s\u00f3l, pieprz, 50 dag spaghetti, \u0142y\u017cka posiekanej zielonej pietruszki. 1. Szalotki pokroi\u0107 w drobne pi\u00f3rka, pieczarki w plasterki. 2. W garnku rozpu\u015bci\u0107 mas\u0142o, doda\u0107 \u0142y\u017ck\u0119 oliwy , nast\u0119pnie pokrojone szalotki, [&hellip;]<\/p>\n","protected":false},"author":2,"featured_media":0,"comment_status":"open","ping_status":"open","sticky":false,"template":"","format":"standard","meta":{"footnotes":""},"categories":[1],"tags":[],"_links":{"self":[{"href":"https:\/\/blog.polityka.pl\/adamczewski\/wp-json\/wp\/v2\/posts\/9666"}],"collection":[{"href":"https:\/\/blog.polityka.pl\/adamczewski\/wp-json\/wp\/v2\/posts"}],"about":[{"href":"https:\/\/blog.polityka.pl\/adamczewski\/wp-json\/wp\/v2\/types\/post"}],"author":[{"embeddable":true,"href":"https:\/\/blog.polityka.pl\/adamczewski\/wp-json\/wp\/v2\/users\/2"}],"replies":[{"embeddable":true,"href":"https:\/\/blog.polityka.pl\/adamczewski\/wp-json\/wp\/v2\/comments?post=9666"}],"version-history":[{"count":0,"href":"https:\/\/blog.polityka.pl\/adamczewski\/wp-json\/wp\/v2\/posts\/9666\/revisions"}],"wp:attachment":[{"href":"https:\/\/blog.polityka.pl\/adamczewski\/wp-json\/wp\/v2\/media?parent=9666"}],"wp:term":[{"taxonomy":"category","embeddable":true,"href":"https:\/\/blog.polityka.pl\/adamczewski\/wp-json\/wp\/v2\/categories?post=9666"},{"taxonomy":"post_tag","embeddable":true,"href":"https:\/\/blog.polityka.pl\/adamczewski\/wp-json\/wp\/v2\/tags?post=9666"}],"curies":[{"name":"wp","href":"https:\/\/api.w.org\/{rel}","templated":true}]}}