
{"id":9667,"date":"2008-01-13T19:47:41","date_gmt":"2008-01-13T18:47:41","guid":{"rendered":"http:\/\/adamczewscy.pl\/?p=597"},"modified":"2008-01-13T19:47:41","modified_gmt":"2008-01-13T18:47:41","slug":"surowka-z-papryki-z-gruszka","status":"publish","type":"post","link":"https:\/\/blog.polityka.pl\/adamczewski\/2008\/01\/13\/surowka-z-papryki-z-gruszka\/","title":{"rendered":"Sur\u00f3wka z papryki z gruszk\u0105"},"content":{"rendered":"<p><em>(4 porcje)<br \/>\nDu\u017ca czerwona papryka, 2 gruszki, 2 j\u0119drne pomidory, 5 \u0142y\u017cek oliwy lub oleju, \u0142y\u017cka soku z cytryny lub octu winnego, s\u00f3l, cukier i pieprz do smaku.<\/em><br \/>\n1. Usun\u0105\u0107 z papryki gniazda nasienne, pozosta\u0142y mi\u0105\u017csz pokroi\u0107 w cienkie paseczki.<br \/>\n2. Gruszki obra\u0107 i po usuni\u0119ciu gniazd nasiennych pokroi\u0107 w kostk\u0119.<br \/>\n3. Pomidory pokroi\u0107 w kostk\u0119.<br \/>\n4. Wymiesza\u0107 olej z sokiem cytrynowym lub octem winnym sol\u0105, cukrem i pieprzem.<br \/>\n5. Wymiesza\u0107 wszystkie pokrojone sk\u0142adniki sa\u0142atki z sosem. Och\u0142odzi\u0107 przez kilkana\u015bcie minut w lod\u00f3wce.<\/p>\n","protected":false},"excerpt":{"rendered":"<p>(4 porcje) Du\u017ca czerwona papryka, 2 gruszki, 2 j\u0119drne pomidory, 5 \u0142y\u017cek oliwy lub oleju, \u0142y\u017cka soku z cytryny lub octu winnego, s\u00f3l, cukier i pieprz do smaku. 1. Usun\u0105\u0107 z papryki gniazda nasienne, pozosta\u0142y mi\u0105\u017csz pokroi\u0107 w cienkie paseczki. 2. Gruszki obra\u0107 i po usuni\u0119ciu gniazd nasiennych pokroi\u0107 w kostk\u0119. 3. Pomidory pokroi\u0107 w [&hellip;]<\/p>\n","protected":false},"author":2,"featured_media":0,"comment_status":"open","ping_status":"open","sticky":false,"template":"","format":"standard","meta":{"footnotes":""},"categories":[1],"tags":[],"_links":{"self":[{"href":"https:\/\/blog.polityka.pl\/adamczewski\/wp-json\/wp\/v2\/posts\/9667"}],"collection":[{"href":"https:\/\/blog.polityka.pl\/adamczewski\/wp-json\/wp\/v2\/posts"}],"about":[{"href":"https:\/\/blog.polityka.pl\/adamczewski\/wp-json\/wp\/v2\/types\/post"}],"author":[{"embeddable":true,"href":"https:\/\/blog.polityka.pl\/adamczewski\/wp-json\/wp\/v2\/users\/2"}],"replies":[{"embeddable":true,"href":"https:\/\/blog.polityka.pl\/adamczewski\/wp-json\/wp\/v2\/comments?post=9667"}],"version-history":[{"count":0,"href":"https:\/\/blog.polityka.pl\/adamczewski\/wp-json\/wp\/v2\/posts\/9667\/revisions"}],"wp:attachment":[{"href":"https:\/\/blog.polityka.pl\/adamczewski\/wp-json\/wp\/v2\/media?parent=9667"}],"wp:term":[{"taxonomy":"category","embeddable":true,"href":"https:\/\/blog.polityka.pl\/adamczewski\/wp-json\/wp\/v2\/categories?post=9667"},{"taxonomy":"post_tag","embeddable":true,"href":"https:\/\/blog.polityka.pl\/adamczewski\/wp-json\/wp\/v2\/tags?post=9667"}],"curies":[{"name":"wp","href":"https:\/\/api.w.org\/{rel}","templated":true}]}}