
{"id":9668,"date":"2008-01-13T19:48:40","date_gmt":"2008-01-13T18:48:40","guid":{"rendered":"http:\/\/adamczewscy.pl\/?p=598"},"modified":"2008-01-13T19:48:40","modified_gmt":"2008-01-13T18:48:40","slug":"surowka-z-wloskiej-kapusty","status":"publish","type":"post","link":"https:\/\/blog.polityka.pl\/adamczewski\/2008\/01\/13\/surowka-z-wloskiej-kapusty\/","title":{"rendered":"Sur\u00f3wka z w\u0142oskiej kapusty"},"content":{"rendered":"<p><em>(4-6 porcji)<\/p>\n<p>Po\u0142\u00f3wka ma\u0142ej g\u0142\u00f3wki w\u0142oskiej kapusty, 3 og\u00f3rki kwaszone, 2 kwaskowe jab\u0142ka, 4 \u0142y\u017cki oleju lub oliwy, \u0142y\u017cka soku cytrynowego, cukier i s\u00f3l oraz pieprz do smaku.<\/em><br \/>\n1. Kapust\u0119 oczy\u015bci\u0107 z uszkodzonych li\u015bci, poszatkowa\u0107 bardzo drobno.<br \/>\n2. Jab\u0142ka i og\u00f3rki zetrze\u0107 na grubej jarzynowej tarce.<br \/>\n3. Oba sk\u0142adniki sur\u00f3wki wymiesza\u0107, doda\u0107 olej i sok z cytryny, cukier s\u00f3l i pieprz i zn\u00f3w wymiesza\u0107.<\/p>\n","protected":false},"excerpt":{"rendered":"<p>(4-6 porcji) Po\u0142\u00f3wka ma\u0142ej g\u0142\u00f3wki w\u0142oskiej kapusty, 3 og\u00f3rki kwaszone, 2 kwaskowe jab\u0142ka, 4 \u0142y\u017cki oleju lub oliwy, \u0142y\u017cka soku cytrynowego, cukier i s\u00f3l oraz pieprz do smaku. 1. Kapust\u0119 oczy\u015bci\u0107 z uszkodzonych li\u015bci, poszatkowa\u0107 bardzo drobno. 2. Jab\u0142ka i og\u00f3rki zetrze\u0107 na grubej jarzynowej tarce. 3. Oba sk\u0142adniki sur\u00f3wki wymiesza\u0107, doda\u0107 olej i sok [&hellip;]<\/p>\n","protected":false},"author":2,"featured_media":0,"comment_status":"open","ping_status":"open","sticky":false,"template":"","format":"standard","meta":{"footnotes":""},"categories":[1],"tags":[],"_links":{"self":[{"href":"https:\/\/blog.polityka.pl\/adamczewski\/wp-json\/wp\/v2\/posts\/9668"}],"collection":[{"href":"https:\/\/blog.polityka.pl\/adamczewski\/wp-json\/wp\/v2\/posts"}],"about":[{"href":"https:\/\/blog.polityka.pl\/adamczewski\/wp-json\/wp\/v2\/types\/post"}],"author":[{"embeddable":true,"href":"https:\/\/blog.polityka.pl\/adamczewski\/wp-json\/wp\/v2\/users\/2"}],"replies":[{"embeddable":true,"href":"https:\/\/blog.polityka.pl\/adamczewski\/wp-json\/wp\/v2\/comments?post=9668"}],"version-history":[{"count":0,"href":"https:\/\/blog.polityka.pl\/adamczewski\/wp-json\/wp\/v2\/posts\/9668\/revisions"}],"wp:attachment":[{"href":"https:\/\/blog.polityka.pl\/adamczewski\/wp-json\/wp\/v2\/media?parent=9668"}],"wp:term":[{"taxonomy":"category","embeddable":true,"href":"https:\/\/blog.polityka.pl\/adamczewski\/wp-json\/wp\/v2\/categories?post=9668"},{"taxonomy":"post_tag","embeddable":true,"href":"https:\/\/blog.polityka.pl\/adamczewski\/wp-json\/wp\/v2\/tags?post=9668"}],"curies":[{"name":"wp","href":"https:\/\/api.w.org\/{rel}","templated":true}]}}