
{"id":9677,"date":"2008-01-13T19:51:09","date_gmt":"2008-01-13T18:51:09","guid":{"rendered":"http:\/\/adamczewscy.pl\/?p=600"},"modified":"2008-01-13T19:51:09","modified_gmt":"2008-01-13T18:51:09","slug":"zupa-kalarepkowa","status":"publish","type":"post","link":"https:\/\/blog.polityka.pl\/adamczewski\/2008\/01\/13\/zupa-kalarepkowa\/","title":{"rendered":"Zupa kalarepkowa"},"content":{"rendered":"<p><em>(4 porcje)<\/p>\n<p>4 kalarepki, marchew, pietruszka, udko kurcz\u0119cia, 5 szklanek wody, \u0142y\u017cka mas\u0142a i \u0142y\u017cka m\u0105ki, 4 \u0142y\u017cki niskoprocentowej \u015bmietany<\/em><\/p>\n<p>1. Kalarepk\u0119 obra\u0107. Trzy pokroi\u0107 w niedu\u017ce paski, jedn\u0105 zachowa\u0107 w ca\u0142o\u015bci.<br \/>\n2. Udko kurcz\u0119ce, marchew, pietruszk\u0119 i pokrojone kalarepki zala\u0107 6 szklankami wody, doda\u0107 s\u00f3l i ugotowa\u0107.<br \/>\n3. Pozostawion\u0105 kalarepk\u0119 pokroi\u0107 w drobn\u0105 kostk\u0119, zala\u0107 przecedzonym wywarem. Gotowa\u0107 a\u017c kalarepka zmi\u0119knie.<br \/>\n4. Rozgrza\u0107 w ma\u0142ym garnuszku mas\u0142o, doda\u0107 m\u0105k\u0119, kiedy spieni si\u0119 i zbieleje po\u0142\u0105czy\u0107 zasma\u017ck\u0119 z zup\u0105. Zagotowa\u0107, doda\u0107 \u015bmietan\u0119 oraz doprawi\u0107 do smaku sol\u0105 i pieprzem.<br \/>\nZup\u0119 z kalarepki mo\u017cna podawa\u0107 z grzankami z bu\u0142ki lub podpieczonym w tosterze tostem, mo\u017cna te\u017c podawa\u0107 j\u0105 bez dodatk\u00f3w.<\/p>\n","protected":false},"excerpt":{"rendered":"<p>(4 porcje) 4 kalarepki, marchew, pietruszka, udko kurcz\u0119cia, 5 szklanek wody, \u0142y\u017cka mas\u0142a i \u0142y\u017cka m\u0105ki, 4 \u0142y\u017cki niskoprocentowej \u015bmietany 1. Kalarepk\u0119 obra\u0107. Trzy pokroi\u0107 w niedu\u017ce paski, jedn\u0105 zachowa\u0107 w ca\u0142o\u015bci. 2. Udko kurcz\u0119ce, marchew, pietruszk\u0119 i pokrojone kalarepki zala\u0107 6 szklankami wody, doda\u0107 s\u00f3l i ugotowa\u0107. 3. Pozostawion\u0105 kalarepk\u0119 pokroi\u0107 w drobn\u0105 kostk\u0119, [&hellip;]<\/p>\n","protected":false},"author":2,"featured_media":0,"comment_status":"open","ping_status":"open","sticky":false,"template":"","format":"standard","meta":{"footnotes":""},"categories":[1],"tags":[],"_links":{"self":[{"href":"https:\/\/blog.polityka.pl\/adamczewski\/wp-json\/wp\/v2\/posts\/9677"}],"collection":[{"href":"https:\/\/blog.polityka.pl\/adamczewski\/wp-json\/wp\/v2\/posts"}],"about":[{"href":"https:\/\/blog.polityka.pl\/adamczewski\/wp-json\/wp\/v2\/types\/post"}],"author":[{"embeddable":true,"href":"https:\/\/blog.polityka.pl\/adamczewski\/wp-json\/wp\/v2\/users\/2"}],"replies":[{"embeddable":true,"href":"https:\/\/blog.polityka.pl\/adamczewski\/wp-json\/wp\/v2\/comments?post=9677"}],"version-history":[{"count":0,"href":"https:\/\/blog.polityka.pl\/adamczewski\/wp-json\/wp\/v2\/posts\/9677\/revisions"}],"wp:attachment":[{"href":"https:\/\/blog.polityka.pl\/adamczewski\/wp-json\/wp\/v2\/media?parent=9677"}],"wp:term":[{"taxonomy":"category","embeddable":true,"href":"https:\/\/blog.polityka.pl\/adamczewski\/wp-json\/wp\/v2\/categories?post=9677"},{"taxonomy":"post_tag","embeddable":true,"href":"https:\/\/blog.polityka.pl\/adamczewski\/wp-json\/wp\/v2\/tags?post=9677"}],"curies":[{"name":"wp","href":"https:\/\/api.w.org\/{rel}","templated":true}]}}