
{"id":9678,"date":"2008-01-13T19:52:38","date_gmt":"2008-01-13T18:52:38","guid":{"rendered":"http:\/\/adamczewscy.pl\/?p=601"},"modified":"2008-01-13T19:52:38","modified_gmt":"2008-01-13T18:52:38","slug":"zupa-z-kurczaka-z-makaronem","status":"publish","type":"post","link":"https:\/\/blog.polityka.pl\/adamczewski\/2008\/01\/13\/zupa-z-kurczaka-z-makaronem\/","title":{"rendered":"Zupa z kurczaka z makaronem"},"content":{"rendered":"<p><em>(6 porcji)<\/p>\n<p>Podw\u00f3jny filet z piersi kurcz\u0119cej, 3 \u0142y\u017cki oleju lub oliwy, \u015brednia cebula, 2 marchewki, szklanka podzielonych na drobne kawa\u0142ki r\u00f3\u017cyczek kalafiorowych,\u00a0? szklanki suchego cienkiego makaronu nitki, 4 szklanki roso\u0142u drobiowego (mo\u017ce by\u0107 przygotowany z kostki), s\u00f3l, pieprz, szczypta zi\u00f3\u0142 prowansalskich.  Ew.  ? szklanki startego parmezanu.<\/em><br \/>\n1. Mi\u0119so pokroi\u0107 w drobna kostk\u0119. Posieka\u0107 cebul\u0119 i pokroi\u0107 marchew w kr\u0105\u017cki.<br \/>\n2. Olej lub oliw\u0119 rozgrza\u0107 w garnku, doda\u0107 mi\u0119so, marchew i cebul\u0119 oraz rozdrobnione r\u00f3\u017cyczki kalafiora. Lekko zrumieni\u0107 ca\u0142o\u015b\u0107.<br \/>\n3. Do warzyw i mi\u0119sa wla\u0107 ros\u00f3\u0142 oraz doda\u0107 zio\u0142a prowansalskie. Zagotowa\u0107.<br \/>\n4. Do zupy doda\u0107 makaron i od momentu zawrzenia gotowa\u0107 10 minut kilka razy w czasie gotowania zamiesza\u0107.<br \/>\nZup\u0119 podawa\u0107 posypan\u0105 parmezanem, je\u015bli ma zast\u0105pi\u0107 ona ca\u0142y obiad mo\u017cna do niej poda\u0107 kromki chleba.<\/p>\n","protected":false},"excerpt":{"rendered":"<p>(6 porcji) Podw\u00f3jny filet z piersi kurcz\u0119cej, 3 \u0142y\u017cki oleju lub oliwy, \u015brednia cebula, 2 marchewki, szklanka podzielonych na drobne kawa\u0142ki r\u00f3\u017cyczek kalafiorowych,\u00a0? szklanki suchego cienkiego makaronu nitki, 4 szklanki roso\u0142u drobiowego (mo\u017ce by\u0107 przygotowany z kostki), s\u00f3l, pieprz, szczypta zi\u00f3\u0142 prowansalskich. Ew. ? szklanki startego parmezanu. 1. Mi\u0119so pokroi\u0107 w drobna kostk\u0119. Posieka\u0107 cebul\u0119 [&hellip;]<\/p>\n","protected":false},"author":2,"featured_media":0,"comment_status":"open","ping_status":"open","sticky":false,"template":"","format":"standard","meta":{"footnotes":""},"categories":[1],"tags":[],"_links":{"self":[{"href":"https:\/\/blog.polityka.pl\/adamczewski\/wp-json\/wp\/v2\/posts\/9678"}],"collection":[{"href":"https:\/\/blog.polityka.pl\/adamczewski\/wp-json\/wp\/v2\/posts"}],"about":[{"href":"https:\/\/blog.polityka.pl\/adamczewski\/wp-json\/wp\/v2\/types\/post"}],"author":[{"embeddable":true,"href":"https:\/\/blog.polityka.pl\/adamczewski\/wp-json\/wp\/v2\/users\/2"}],"replies":[{"embeddable":true,"href":"https:\/\/blog.polityka.pl\/adamczewski\/wp-json\/wp\/v2\/comments?post=9678"}],"version-history":[{"count":0,"href":"https:\/\/blog.polityka.pl\/adamczewski\/wp-json\/wp\/v2\/posts\/9678\/revisions"}],"wp:attachment":[{"href":"https:\/\/blog.polityka.pl\/adamczewski\/wp-json\/wp\/v2\/media?parent=9678"}],"wp:term":[{"taxonomy":"category","embeddable":true,"href":"https:\/\/blog.polityka.pl\/adamczewski\/wp-json\/wp\/v2\/categories?post=9678"},{"taxonomy":"post_tag","embeddable":true,"href":"https:\/\/blog.polityka.pl\/adamczewski\/wp-json\/wp\/v2\/tags?post=9678"}],"curies":[{"name":"wp","href":"https:\/\/api.w.org\/{rel}","templated":true}]}}