
{"id":9679,"date":"2008-01-13T19:54:55","date_gmt":"2008-01-13T18:54:55","guid":{"rendered":"http:\/\/adamczewscy.pl\/?p=602"},"modified":"2008-01-13T19:54:55","modified_gmt":"2008-01-13T18:54:55","slug":"zupa-z-mrozonego-zielonego-groszku","status":"publish","type":"post","link":"https:\/\/blog.polityka.pl\/adamczewski\/2008\/01\/13\/zupa-z-mrozonego-zielonego-groszku\/","title":{"rendered":"Zupa z mro\u017conego zielonego groszku"},"content":{"rendered":"<p><em>(4 porcje)<br \/>\n? kg mro\u017conego groszku, 5 szklanek wody, s\u00f3l, cukier do smaku, 2 kostki roso\u0142u drobiowego lub warzywnego, \u0142y\u017cka m\u0105ki, 2 \u0142y\u017cki mas\u0142a, ? szklanki mleka, ? szklanki \u015bmietany, 2 \u0142y\u017cki siekanej zielonej pietruszki.<br \/>\nNa lane kluski: jajko, 2 \u0142y\u017cki m\u0105ki.<\/em><\/p>\n<p>1. Groszek ugotowa\u0107 w wodzie z cukrem, pod koniec doda\u0107 kostki roso\u0142owe.<br \/>\n2. Wymiesza\u0107 m\u0105k\u0119 z mlekiem i doda\u0107 do zupy, zagotowa\u0107.<br \/>\n3. Wymiesza\u0107 z kubeczku jajko z m\u0105k\u0105 i la\u0107 ciasto cienkim strumieniem na wrz\u0105c\u0105 zup\u0119. Kiedy kluski wyp\u0142yn\u0105 na wierzch odstawi\u0107 zup\u0119 z ognia, doda\u0107 mas\u0142o i \u015bmietan\u0119 wymiesza\u0107.<br \/>\nZup\u0119 t\u0119 mo\u017cna przygotowa\u0107 tak\u017ce z groszku z puszki, nale\u017cy odcedzi\u0107 zalew\u0119 i doda\u0107 ros\u00f3\u0142 z kostki, dalej post\u0119puj\u0105c tak samo.<\/p>\n","protected":false},"excerpt":{"rendered":"<p>(4 porcje) ? kg mro\u017conego groszku, 5 szklanek wody, s\u00f3l, cukier do smaku, 2 kostki roso\u0142u drobiowego lub warzywnego, \u0142y\u017cka m\u0105ki, 2 \u0142y\u017cki mas\u0142a, ? szklanki mleka, ? szklanki \u015bmietany, 2 \u0142y\u017cki siekanej zielonej pietruszki. Na lane kluski: jajko, 2 \u0142y\u017cki m\u0105ki. 1. Groszek ugotowa\u0107 w wodzie z cukrem, pod koniec doda\u0107 kostki roso\u0142owe. 2. [&hellip;]<\/p>\n","protected":false},"author":2,"featured_media":0,"comment_status":"open","ping_status":"open","sticky":false,"template":"","format":"standard","meta":{"footnotes":""},"categories":[1],"tags":[],"_links":{"self":[{"href":"https:\/\/blog.polityka.pl\/adamczewski\/wp-json\/wp\/v2\/posts\/9679"}],"collection":[{"href":"https:\/\/blog.polityka.pl\/adamczewski\/wp-json\/wp\/v2\/posts"}],"about":[{"href":"https:\/\/blog.polityka.pl\/adamczewski\/wp-json\/wp\/v2\/types\/post"}],"author":[{"embeddable":true,"href":"https:\/\/blog.polityka.pl\/adamczewski\/wp-json\/wp\/v2\/users\/2"}],"replies":[{"embeddable":true,"href":"https:\/\/blog.polityka.pl\/adamczewski\/wp-json\/wp\/v2\/comments?post=9679"}],"version-history":[{"count":0,"href":"https:\/\/blog.polityka.pl\/adamczewski\/wp-json\/wp\/v2\/posts\/9679\/revisions"}],"wp:attachment":[{"href":"https:\/\/blog.polityka.pl\/adamczewski\/wp-json\/wp\/v2\/media?parent=9679"}],"wp:term":[{"taxonomy":"category","embeddable":true,"href":"https:\/\/blog.polityka.pl\/adamczewski\/wp-json\/wp\/v2\/categories?post=9679"},{"taxonomy":"post_tag","embeddable":true,"href":"https:\/\/blog.polityka.pl\/adamczewski\/wp-json\/wp\/v2\/tags?post=9679"}],"curies":[{"name":"wp","href":"https:\/\/api.w.org\/{rel}","templated":true}]}}