
{"id":9680,"date":"2008-01-20T20:51:49","date_gmt":"2008-01-20T19:51:49","guid":{"rendered":"http:\/\/adamczewscy.pl\/?p=1734"},"modified":"2008-01-20T20:51:49","modified_gmt":"2008-01-20T19:51:49","slug":"zupa-wloska","status":"publish","type":"post","link":"https:\/\/blog.polityka.pl\/adamczewski\/2008\/01\/20\/zupa-wloska\/","title":{"rendered":"Zupa w\u0142oska"},"content":{"rendered":"<p><em>(4 porcje)<\/p>\n<p>6 \u015brednich pomidor\u00f3w, cebula, 2 \u0142y\u017cki mas\u0142a,  4 szklanki roso\u0142u (mo\u017ce by\u0107 z kostki), 4 \u0142y\u017cki startego parmezanu lub innego startego \u017c\u00f3\u0142tego sera, ? paczki cienkiego makaronu ?nitek?, s\u00f3l do smaku, 2 \u0142y\u017cki siekanego koperku.<\/em><\/p>\n<p>1. Posiekac cebul\u0119, poddusi\u0107 j\u0105 na ma\u015ble, doda\u0107 pokrojone w kostk\u0119 pomidory i dusi\u0107 razem oko\u0142o 15 minut.<br \/>\n2. Pomidory z cebul\u0105 zmiksowa\u0107, doda\u0107 do roso\u0142u i zagotowa\u0107 doprawiaj\u0105c sol\u0105.<br \/>\n3. Ugotowa\u0107 makaron, odcedzi\u0107.<br \/>\nMakaron wrzuci\u0107 do garnka z zup\u0105, doda\u0107 parmezan i wymiesza\u0107.<\/p>\n<p>Podawa\u0107 w talerzach lub bulion\u00f3wkach, posypan\u0105 siekanym koperkiem.<\/p>\n","protected":false},"excerpt":{"rendered":"<p>(4 porcje) 6 \u015brednich pomidor\u00f3w, cebula, 2 \u0142y\u017cki mas\u0142a, 4 szklanki roso\u0142u (mo\u017ce by\u0107 z kostki), 4 \u0142y\u017cki startego parmezanu lub innego startego \u017c\u00f3\u0142tego sera, ? paczki cienkiego makaronu ?nitek?, s\u00f3l do smaku, 2 \u0142y\u017cki siekanego koperku. 1. Posiekac cebul\u0119, poddusi\u0107 j\u0105 na ma\u015ble, doda\u0107 pokrojone w kostk\u0119 pomidory i dusi\u0107 razem oko\u0142o 15 minut. [&hellip;]<\/p>\n","protected":false},"author":2,"featured_media":0,"comment_status":"open","ping_status":"open","sticky":false,"template":"","format":"standard","meta":{"footnotes":""},"categories":[1],"tags":[],"_links":{"self":[{"href":"https:\/\/blog.polityka.pl\/adamczewski\/wp-json\/wp\/v2\/posts\/9680"}],"collection":[{"href":"https:\/\/blog.polityka.pl\/adamczewski\/wp-json\/wp\/v2\/posts"}],"about":[{"href":"https:\/\/blog.polityka.pl\/adamczewski\/wp-json\/wp\/v2\/types\/post"}],"author":[{"embeddable":true,"href":"https:\/\/blog.polityka.pl\/adamczewski\/wp-json\/wp\/v2\/users\/2"}],"replies":[{"embeddable":true,"href":"https:\/\/blog.polityka.pl\/adamczewski\/wp-json\/wp\/v2\/comments?post=9680"}],"version-history":[{"count":0,"href":"https:\/\/blog.polityka.pl\/adamczewski\/wp-json\/wp\/v2\/posts\/9680\/revisions"}],"wp:attachment":[{"href":"https:\/\/blog.polityka.pl\/adamczewski\/wp-json\/wp\/v2\/media?parent=9680"}],"wp:term":[{"taxonomy":"category","embeddable":true,"href":"https:\/\/blog.polityka.pl\/adamczewski\/wp-json\/wp\/v2\/categories?post=9680"},{"taxonomy":"post_tag","embeddable":true,"href":"https:\/\/blog.polityka.pl\/adamczewski\/wp-json\/wp\/v2\/tags?post=9680"}],"curies":[{"name":"wp","href":"https:\/\/api.w.org\/{rel}","templated":true}]}}