
{"id":9681,"date":"2008-01-20T20:52:52","date_gmt":"2008-01-20T19:52:52","guid":{"rendered":"http:\/\/adamczewscy.pl\/?p=1735"},"modified":"2008-01-20T20:52:52","modified_gmt":"2008-01-20T19:52:52","slug":"zupa-koperkowa-3","status":"publish","type":"post","link":"https:\/\/blog.polityka.pl\/adamczewski\/2008\/01\/20\/zupa-koperkowa-3\/","title":{"rendered":"Zupa koperkowa"},"content":{"rendered":"<p><em>(4 porcje)<\/p>\n<p>4 szklanki roso\u0142u (mo\u017ce by\u0107 drobiowy z kostki), \u0142y\u017cka mas\u0142a i \u0142y\u017cka m\u0105ki,  ? szklanki \u015bmietany 12%, 4 \u0142y\u017cki siekanego zielonego koperku, sok z cytryny do smaku.<\/em><\/p>\n<p>1. Rozpu\u015bci\u0107 w garnku mas\u0142o, doda\u0107 m\u0105k\u0119, kiedy spieni si\u0119 i zbieleje doda\u0107 koper i ros\u00f3\u0142, zagotowa\u0107 i doprawi\u0107 sol\u0105.<br \/>\n2. Doda\u0107 do zupy \u015bmietan\u0119 i doprawi\u0107 sokiem cytrynowym.<\/p>\n","protected":false},"excerpt":{"rendered":"<p>(4 porcje) 4 szklanki roso\u0142u (mo\u017ce by\u0107 drobiowy z kostki), \u0142y\u017cka mas\u0142a i \u0142y\u017cka m\u0105ki, ? szklanki \u015bmietany 12%, 4 \u0142y\u017cki siekanego zielonego koperku, sok z cytryny do smaku. 1. Rozpu\u015bci\u0107 w garnku mas\u0142o, doda\u0107 m\u0105k\u0119, kiedy spieni si\u0119 i zbieleje doda\u0107 koper i ros\u00f3\u0142, zagotowa\u0107 i doprawi\u0107 sol\u0105. 2. Doda\u0107 do zupy \u015bmietan\u0119 i [&hellip;]<\/p>\n","protected":false},"author":2,"featured_media":0,"comment_status":"open","ping_status":"open","sticky":false,"template":"","format":"standard","meta":{"footnotes":""},"categories":[1],"tags":[],"_links":{"self":[{"href":"https:\/\/blog.polityka.pl\/adamczewski\/wp-json\/wp\/v2\/posts\/9681"}],"collection":[{"href":"https:\/\/blog.polityka.pl\/adamczewski\/wp-json\/wp\/v2\/posts"}],"about":[{"href":"https:\/\/blog.polityka.pl\/adamczewski\/wp-json\/wp\/v2\/types\/post"}],"author":[{"embeddable":true,"href":"https:\/\/blog.polityka.pl\/adamczewski\/wp-json\/wp\/v2\/users\/2"}],"replies":[{"embeddable":true,"href":"https:\/\/blog.polityka.pl\/adamczewski\/wp-json\/wp\/v2\/comments?post=9681"}],"version-history":[{"count":0,"href":"https:\/\/blog.polityka.pl\/adamczewski\/wp-json\/wp\/v2\/posts\/9681\/revisions"}],"wp:attachment":[{"href":"https:\/\/blog.polityka.pl\/adamczewski\/wp-json\/wp\/v2\/media?parent=9681"}],"wp:term":[{"taxonomy":"category","embeddable":true,"href":"https:\/\/blog.polityka.pl\/adamczewski\/wp-json\/wp\/v2\/categories?post=9681"},{"taxonomy":"post_tag","embeddable":true,"href":"https:\/\/blog.polityka.pl\/adamczewski\/wp-json\/wp\/v2\/tags?post=9681"}],"curies":[{"name":"wp","href":"https:\/\/api.w.org\/{rel}","templated":true}]}}