
{"id":9682,"date":"2008-01-20T20:54:10","date_gmt":"2008-01-20T19:54:10","guid":{"rendered":"http:\/\/adamczewscy.pl\/?p=1736"},"modified":"2008-01-20T20:54:10","modified_gmt":"2008-01-20T19:54:10","slug":"zupa-kalafiorowa-2","status":"publish","type":"post","link":"https:\/\/blog.polityka.pl\/adamczewski\/2008\/01\/20\/zupa-kalafiorowa-2\/","title":{"rendered":"Zupa kalafiorowa"},"content":{"rendered":"<p><em>(6 porcji)<\/p>\n<p>? niewielkiego kalafiora, marchew, pietruszka, cebula, kawa\u0142ek selera, 2 \u0142y\u017cki mas\u0142a, szklanka mleka i \u0142y\u017cka m\u0105ki, 6 szklanek wody., s\u00f3l, \u0142y\u017cka siekanego koperku.<\/em><\/p>\n<p>1. Ugotowa\u0107 wywar z pokrojonych na kawa\u0142ki marchwi, pietruszki, cebuli i selera.<br \/>\n2. Podzielonego na ma\u0142e r\u00f3\u017cyczki kalafiora zala\u0107 osolonym wrz\u0105cym przecedzonym wywarem, ugotowa\u0107 do mi\u0119kko\u015bci.<br \/>\n3. Wymiesza\u0107 mleko z m\u0105k\u0105 i doda\u0107 do zupy, zagotowa\u0107, doprawi\u0107 w razie potrzeby sol\u0105, posypa\u0107 koperkiem.<br \/>\nZup\u0119 kalafiorow\u0105 mo\u017cna tak\u017ce zmiksowa\u0107, aby uzyska\u0107 g\u0142adki krem.<br \/>\nDoskonale smakuje zupa zaprawiona 3-4 \u0142y\u017ckami \u015bmietany.<br \/>\nJako dodatek mo\u017cna poda\u0107 grzanki lub s\u0142one paluszki.<\/p>\n","protected":false},"excerpt":{"rendered":"<p>(6 porcji) ? niewielkiego kalafiora, marchew, pietruszka, cebula, kawa\u0142ek selera, 2 \u0142y\u017cki mas\u0142a, szklanka mleka i \u0142y\u017cka m\u0105ki, 6 szklanek wody., s\u00f3l, \u0142y\u017cka siekanego koperku. 1. Ugotowa\u0107 wywar z pokrojonych na kawa\u0142ki marchwi, pietruszki, cebuli i selera. 2. Podzielonego na ma\u0142e r\u00f3\u017cyczki kalafiora zala\u0107 osolonym wrz\u0105cym przecedzonym wywarem, ugotowa\u0107 do mi\u0119kko\u015bci. 3. Wymiesza\u0107 mleko z [&hellip;]<\/p>\n","protected":false},"author":2,"featured_media":0,"comment_status":"open","ping_status":"open","sticky":false,"template":"","format":"standard","meta":{"footnotes":""},"categories":[1],"tags":[],"_links":{"self":[{"href":"https:\/\/blog.polityka.pl\/adamczewski\/wp-json\/wp\/v2\/posts\/9682"}],"collection":[{"href":"https:\/\/blog.polityka.pl\/adamczewski\/wp-json\/wp\/v2\/posts"}],"about":[{"href":"https:\/\/blog.polityka.pl\/adamczewski\/wp-json\/wp\/v2\/types\/post"}],"author":[{"embeddable":true,"href":"https:\/\/blog.polityka.pl\/adamczewski\/wp-json\/wp\/v2\/users\/2"}],"replies":[{"embeddable":true,"href":"https:\/\/blog.polityka.pl\/adamczewski\/wp-json\/wp\/v2\/comments?post=9682"}],"version-history":[{"count":0,"href":"https:\/\/blog.polityka.pl\/adamczewski\/wp-json\/wp\/v2\/posts\/9682\/revisions"}],"wp:attachment":[{"href":"https:\/\/blog.polityka.pl\/adamczewski\/wp-json\/wp\/v2\/media?parent=9682"}],"wp:term":[{"taxonomy":"category","embeddable":true,"href":"https:\/\/blog.polityka.pl\/adamczewski\/wp-json\/wp\/v2\/categories?post=9682"},{"taxonomy":"post_tag","embeddable":true,"href":"https:\/\/blog.polityka.pl\/adamczewski\/wp-json\/wp\/v2\/tags?post=9682"}],"curies":[{"name":"wp","href":"https:\/\/api.w.org\/{rel}","templated":true}]}}