
{"id":9683,"date":"2008-01-20T20:55:33","date_gmt":"2008-01-20T19:55:33","guid":{"rendered":"http:\/\/adamczewscy.pl\/?p=1737"},"modified":"2008-01-20T20:55:33","modified_gmt":"2008-01-20T19:55:33","slug":"ziemniaczana-zupa-%e2%80%93-krem","status":"publish","type":"post","link":"https:\/\/blog.polityka.pl\/adamczewski\/2008\/01\/20\/ziemniaczana-zupa-%e2%80%93-krem\/","title":{"rendered":"Ziemniaczana zupa ? krem"},"content":{"rendered":"<p><em>(4 porcje)<\/p>\n<p>6 \u015brednich ziemniak\u00f3w, marchew, pietruszka, niewielki por, kawa\u0142ek selera,  kostka roso\u0142u warzywnego, \u0142y\u017cka mas\u0142a, ? szklanki \u015bmietany lub \u015bmietanki 12%,2 \u0142y\u017cki siekanej zielonej pietruszki lub koperku, s\u00f3l.<\/p>\n<p><\/em><br \/>\n1. Pokroi\u0107 marchew , pietruszk\u0119 i selera, w du\u017ce kawa\u0142ki , pora pokroi\u0107 w drobne paseczki.<br \/>\n2. Rozpu\u015bci\u0107 mas\u0142o w garnku, doda\u0107 pokrojone warzywa i chwil\u0119 sma\u017cy\u0107 do momentu, kiedy warzywa zaczn\u0105 si\u0119 na brzegach z\u0142oci\u0107.<br \/>\n3. Ziemniaki pokroi\u0107 w kostk\u0119, doda\u0107 do podsma\u017conych warzyw  wraz z kostk\u0105 roso\u0142ow\u0105 i 6 szklankami wody .Gotowa\u0107 do momentu, kiedy ziemniaki zmi\u0119kn\u0105. Zup\u0119 lekko ostudzi\u0107, usun\u0105\u0107 kawa\u0142ki marchwi i cz\u0119\u015b\u0107 kawa\u0142k\u00f3w selera i pora.<br \/>\n4. Pozosta\u0142\u0105 zup\u0119 zmiksowa\u0107 na g\u0142adki krem.<br \/>\n5. Doprawi\u0107 zup\u0119 sol\u0105 i \u015bmietan\u0105 lub \u015bmietank\u0105.<\/p>\n<p>Ziemniaczan\u0105 zup\u0119-krem podaje si\u0119 w fili\u017cankach, posypan\u0105 siekan\u0105 pietruszk\u0105 lub koperkiem. Mo\u017cna tak\u017ce przygotowa\u0107 w tosterze grzanki z bu\u0142ki lub do ka\u017cdej porcji wsypa\u0107 \u0142y\u017ceczk\u0119 startego \u017c\u00f3\u0142tego sera.<\/p>\n","protected":false},"excerpt":{"rendered":"<p>(4 porcje) 6 \u015brednich ziemniak\u00f3w, marchew, pietruszka, niewielki por, kawa\u0142ek selera, kostka roso\u0142u warzywnego, \u0142y\u017cka mas\u0142a, ? szklanki \u015bmietany lub \u015bmietanki 12%,2 \u0142y\u017cki siekanej zielonej pietruszki lub koperku, s\u00f3l. 1. Pokroi\u0107 marchew , pietruszk\u0119 i selera, w du\u017ce kawa\u0142ki , pora pokroi\u0107 w drobne paseczki. 2. Rozpu\u015bci\u0107 mas\u0142o w garnku, doda\u0107 pokrojone warzywa i chwil\u0119 [&hellip;]<\/p>\n","protected":false},"author":2,"featured_media":0,"comment_status":"open","ping_status":"open","sticky":false,"template":"","format":"standard","meta":{"footnotes":""},"categories":[1],"tags":[],"_links":{"self":[{"href":"https:\/\/blog.polityka.pl\/adamczewski\/wp-json\/wp\/v2\/posts\/9683"}],"collection":[{"href":"https:\/\/blog.polityka.pl\/adamczewski\/wp-json\/wp\/v2\/posts"}],"about":[{"href":"https:\/\/blog.polityka.pl\/adamczewski\/wp-json\/wp\/v2\/types\/post"}],"author":[{"embeddable":true,"href":"https:\/\/blog.polityka.pl\/adamczewski\/wp-json\/wp\/v2\/users\/2"}],"replies":[{"embeddable":true,"href":"https:\/\/blog.polityka.pl\/adamczewski\/wp-json\/wp\/v2\/comments?post=9683"}],"version-history":[{"count":0,"href":"https:\/\/blog.polityka.pl\/adamczewski\/wp-json\/wp\/v2\/posts\/9683\/revisions"}],"wp:attachment":[{"href":"https:\/\/blog.polityka.pl\/adamczewski\/wp-json\/wp\/v2\/media?parent=9683"}],"wp:term":[{"taxonomy":"category","embeddable":true,"href":"https:\/\/blog.polityka.pl\/adamczewski\/wp-json\/wp\/v2\/categories?post=9683"},{"taxonomy":"post_tag","embeddable":true,"href":"https:\/\/blog.polityka.pl\/adamczewski\/wp-json\/wp\/v2\/tags?post=9683"}],"curies":[{"name":"wp","href":"https:\/\/api.w.org\/{rel}","templated":true}]}}