
{"id":9684,"date":"2008-01-20T20:57:22","date_gmt":"2008-01-20T19:57:22","guid":{"rendered":"http:\/\/adamczewscy.pl\/?p=1738"},"modified":"2008-01-20T20:57:22","modified_gmt":"2008-01-20T19:57:22","slug":"surowka-z-selera-i-gruszki-w-sosie-majonezowym","status":"publish","type":"post","link":"https:\/\/blog.polityka.pl\/adamczewski\/2008\/01\/20\/surowka-z-selera-i-gruszki-w-sosie-majonezowym\/","title":{"rendered":"Sur\u00f3wka z selera i gruszki w sosie majonezowym"},"content":{"rendered":"<p><em>\u015aredni seler, \u0142y\u017cka soku cytrynowego, 2 ma\u0142e lub 1 du\u017ca gruszka, du\u017ce winne jab\u0142ko, 2 \u0142y\u017cki majonezu, 3 \u0142y\u017cki jogurtu naturalnego, s\u00f3l, cukier, szczypta pieprzu, \u0142y\u017ceczka siekanej zielonej pietruszki.<\/em><\/p>\n<p>1. Przygotowa\u0107 sos: wymiesza\u0107 majonez z jogurtem, sol\u0105, szczypt\u0105 pieprzu i cukru.<br \/>\n2. Obrany ze sk\u00f3rki seler zetrze\u0107 na jarzynowej tarce, skropi\u0107 sokiem z cytryny,  doda\u0107 do sosu, wymiesza\u0107.<br \/>\n3. Gruszki i jab\u0142ka obra\u0107 ze sk\u00f3rki, pokroi\u0107 w bardzo drobne s\u0142upki lub zetrze\u0107 na grubej jarzynowej tarce. Wymiesza\u0107 z selerem i sosem majonezowym.<br \/>\n4. Wy\u0142o\u017cy\u0107 sur\u00f3wk\u0119 do salaterki i posypa\u0107 siekan\u0105 zielon\u0105 pietruszk\u0105.<\/p>\n","protected":false},"excerpt":{"rendered":"<p>\u015aredni seler, \u0142y\u017cka soku cytrynowego, 2 ma\u0142e lub 1 du\u017ca gruszka, du\u017ce winne jab\u0142ko, 2 \u0142y\u017cki majonezu, 3 \u0142y\u017cki jogurtu naturalnego, s\u00f3l, cukier, szczypta pieprzu, \u0142y\u017ceczka siekanej zielonej pietruszki. 1. Przygotowa\u0107 sos: wymiesza\u0107 majonez z jogurtem, sol\u0105, szczypt\u0105 pieprzu i cukru. 2. Obrany ze sk\u00f3rki seler zetrze\u0107 na jarzynowej tarce, skropi\u0107 sokiem z cytryny, doda\u0107 [&hellip;]<\/p>\n","protected":false},"author":2,"featured_media":0,"comment_status":"open","ping_status":"open","sticky":false,"template":"","format":"standard","meta":{"footnotes":""},"categories":[1],"tags":[],"_links":{"self":[{"href":"https:\/\/blog.polityka.pl\/adamczewski\/wp-json\/wp\/v2\/posts\/9684"}],"collection":[{"href":"https:\/\/blog.polityka.pl\/adamczewski\/wp-json\/wp\/v2\/posts"}],"about":[{"href":"https:\/\/blog.polityka.pl\/adamczewski\/wp-json\/wp\/v2\/types\/post"}],"author":[{"embeddable":true,"href":"https:\/\/blog.polityka.pl\/adamczewski\/wp-json\/wp\/v2\/users\/2"}],"replies":[{"embeddable":true,"href":"https:\/\/blog.polityka.pl\/adamczewski\/wp-json\/wp\/v2\/comments?post=9684"}],"version-history":[{"count":0,"href":"https:\/\/blog.polityka.pl\/adamczewski\/wp-json\/wp\/v2\/posts\/9684\/revisions"}],"wp:attachment":[{"href":"https:\/\/blog.polityka.pl\/adamczewski\/wp-json\/wp\/v2\/media?parent=9684"}],"wp:term":[{"taxonomy":"category","embeddable":true,"href":"https:\/\/blog.polityka.pl\/adamczewski\/wp-json\/wp\/v2\/categories?post=9684"},{"taxonomy":"post_tag","embeddable":true,"href":"https:\/\/blog.polityka.pl\/adamczewski\/wp-json\/wp\/v2\/tags?post=9684"}],"curies":[{"name":"wp","href":"https:\/\/api.w.org\/{rel}","templated":true}]}}