
{"id":9685,"date":"2008-01-20T20:59:33","date_gmt":"2008-01-20T19:59:33","guid":{"rendered":"http:\/\/adamczewscy.pl\/?p=1739"},"modified":"2008-01-20T20:59:33","modified_gmt":"2008-01-20T19:59:33","slug":"surowka-z-marchwi-i-selera","status":"publish","type":"post","link":"https:\/\/blog.polityka.pl\/adamczewski\/2008\/01\/20\/surowka-z-marchwi-i-selera\/","title":{"rendered":"Sur\u00f3wka z marchwi i selera"},"content":{"rendered":"<p><em>(4 porcje)<\/p>\n<p>3 marchwie, niedu\u017cy seler, sok z cytryny, 4-5 \u0142y\u017cek oleju z pestek winogron, s\u00f3l, cukier, \u0142y\u017ceczka siekanej zielonej pietruszki.<\/em><\/p>\n<p>1. Marchew i selera obra\u0107, zetrze\u0107 na jarzynowej tarce.<br \/>\n2. Wymiesza\u0107 olej z sokiem cytrynowym, doda\u0107 pieprz, s\u00f3l i cukier do smaku.<br \/>\n3. Wymiesza\u0107 sur\u00f3wk\u0119 z sosem, posypa\u0107 wierzch siekan\u0105 zielon\u0105 pietruszk\u0105.<\/p>\n","protected":false},"excerpt":{"rendered":"<p>(4 porcje) 3 marchwie, niedu\u017cy seler, sok z cytryny, 4-5 \u0142y\u017cek oleju z pestek winogron, s\u00f3l, cukier, \u0142y\u017ceczka siekanej zielonej pietruszki. 1. Marchew i selera obra\u0107, zetrze\u0107 na jarzynowej tarce. 2. Wymiesza\u0107 olej z sokiem cytrynowym, doda\u0107 pieprz, s\u00f3l i cukier do smaku. 3. Wymiesza\u0107 sur\u00f3wk\u0119 z sosem, posypa\u0107 wierzch siekan\u0105 zielon\u0105 pietruszk\u0105.<\/p>\n","protected":false},"author":2,"featured_media":0,"comment_status":"open","ping_status":"open","sticky":false,"template":"","format":"standard","meta":{"footnotes":""},"categories":[1],"tags":[],"_links":{"self":[{"href":"https:\/\/blog.polityka.pl\/adamczewski\/wp-json\/wp\/v2\/posts\/9685"}],"collection":[{"href":"https:\/\/blog.polityka.pl\/adamczewski\/wp-json\/wp\/v2\/posts"}],"about":[{"href":"https:\/\/blog.polityka.pl\/adamczewski\/wp-json\/wp\/v2\/types\/post"}],"author":[{"embeddable":true,"href":"https:\/\/blog.polityka.pl\/adamczewski\/wp-json\/wp\/v2\/users\/2"}],"replies":[{"embeddable":true,"href":"https:\/\/blog.polityka.pl\/adamczewski\/wp-json\/wp\/v2\/comments?post=9685"}],"version-history":[{"count":0,"href":"https:\/\/blog.polityka.pl\/adamczewski\/wp-json\/wp\/v2\/posts\/9685\/revisions"}],"wp:attachment":[{"href":"https:\/\/blog.polityka.pl\/adamczewski\/wp-json\/wp\/v2\/media?parent=9685"}],"wp:term":[{"taxonomy":"category","embeddable":true,"href":"https:\/\/blog.polityka.pl\/adamczewski\/wp-json\/wp\/v2\/categories?post=9685"},{"taxonomy":"post_tag","embeddable":true,"href":"https:\/\/blog.polityka.pl\/adamczewski\/wp-json\/wp\/v2\/tags?post=9685"}],"curies":[{"name":"wp","href":"https:\/\/api.w.org\/{rel}","templated":true}]}}