
{"id":9686,"date":"2008-01-20T21:00:37","date_gmt":"2008-01-20T20:00:37","guid":{"rendered":"http:\/\/adamczewscy.pl\/?p=1740"},"modified":"2008-01-20T21:00:37","modified_gmt":"2008-01-20T20:00:37","slug":"seler-naciowy-w-sosie-smietankowym","status":"publish","type":"post","link":"https:\/\/blog.polityka.pl\/adamczewski\/2008\/01\/20\/seler-naciowy-w-sosie-smietankowym\/","title":{"rendered":"Seler naciowy w sosie \u015bmietankowym"},"content":{"rendered":"<p><em>Paczka selera naciowego, szklanka roso\u0142u drobiowego (mo\u017ce by\u0107 z kostki), 2 \u0142y\u017cki mas\u0142a, \u0142y\u017cka m\u0105ki, ? szklanki. \u015bmietany 18%, s\u00f3l.<\/em><\/p>\n<p>1. Podzieli\u0107 seler na poszczeg\u00f3lne \u0142odygi, usun\u0105\u0107 w\u0142\u00f3kna, kt\u00f3re s\u0105 twarde, mniej twarde mog\u0105 pozosta\u0107. Podzieli\u0107 \u0142odygi na 4-5 centymetrowe kawa\u0142ki.<br \/>\n2. Podzielone selerowe \u0142odygi zala\u0107 w rondlu roso\u0142em i gotowa\u0107 20 minut.<br \/>\n3. Utrze\u0107 mas\u0142o z m\u0105k\u0105 i doda\u0107 do seler\u00f3w. Wymiesza\u0107, zagotowa\u0107.<\/p>\n","protected":false},"excerpt":{"rendered":"<p>Paczka selera naciowego, szklanka roso\u0142u drobiowego (mo\u017ce by\u0107 z kostki), 2 \u0142y\u017cki mas\u0142a, \u0142y\u017cka m\u0105ki, ? szklanki. \u015bmietany 18%, s\u00f3l. 1. Podzieli\u0107 seler na poszczeg\u00f3lne \u0142odygi, usun\u0105\u0107 w\u0142\u00f3kna, kt\u00f3re s\u0105 twarde, mniej twarde mog\u0105 pozosta\u0107. Podzieli\u0107 \u0142odygi na 4-5 centymetrowe kawa\u0142ki. 2. Podzielone selerowe \u0142odygi zala\u0107 w rondlu roso\u0142em i gotowa\u0107 20 minut. 3. Utrze\u0107 [&hellip;]<\/p>\n","protected":false},"author":2,"featured_media":0,"comment_status":"open","ping_status":"open","sticky":false,"template":"","format":"standard","meta":{"footnotes":""},"categories":[1],"tags":[],"_links":{"self":[{"href":"https:\/\/blog.polityka.pl\/adamczewski\/wp-json\/wp\/v2\/posts\/9686"}],"collection":[{"href":"https:\/\/blog.polityka.pl\/adamczewski\/wp-json\/wp\/v2\/posts"}],"about":[{"href":"https:\/\/blog.polityka.pl\/adamczewski\/wp-json\/wp\/v2\/types\/post"}],"author":[{"embeddable":true,"href":"https:\/\/blog.polityka.pl\/adamczewski\/wp-json\/wp\/v2\/users\/2"}],"replies":[{"embeddable":true,"href":"https:\/\/blog.polityka.pl\/adamczewski\/wp-json\/wp\/v2\/comments?post=9686"}],"version-history":[{"count":0,"href":"https:\/\/blog.polityka.pl\/adamczewski\/wp-json\/wp\/v2\/posts\/9686\/revisions"}],"wp:attachment":[{"href":"https:\/\/blog.polityka.pl\/adamczewski\/wp-json\/wp\/v2\/media?parent=9686"}],"wp:term":[{"taxonomy":"category","embeddable":true,"href":"https:\/\/blog.polityka.pl\/adamczewski\/wp-json\/wp\/v2\/categories?post=9686"},{"taxonomy":"post_tag","embeddable":true,"href":"https:\/\/blog.polityka.pl\/adamczewski\/wp-json\/wp\/v2\/tags?post=9686"}],"curies":[{"name":"wp","href":"https:\/\/api.w.org\/{rel}","templated":true}]}}