
{"id":9687,"date":"2008-01-20T21:02:47","date_gmt":"2008-01-20T20:02:47","guid":{"rendered":"http:\/\/adamczewscy.pl\/?p=1741"},"modified":"2008-01-20T21:02:47","modified_gmt":"2008-01-20T20:02:47","slug":"pieczen-wieprzowa-z-jarzynami-2","status":"publish","type":"post","link":"https:\/\/blog.polityka.pl\/adamczewski\/2008\/01\/20\/pieczen-wieprzowa-z-jarzynami-2\/","title":{"rendered":"Piecze\u0144 wieprzowa z jarzynami"},"content":{"rendered":"<p><em>(6 porcji)<br \/>\n1 kg schabu karkowego bez kosci, marchew, pietruszka, seler, cebula, 2 pomidory, \u0142y\u017cka oliwy i \u0142y\u017ceczka mas\u0142a, ? \u0142y\u017cki m\u0105ki, \u0142y\u017cka soli, pieprz.<\/em><\/p>\n<p>1. Mi\u0119so umy\u0107, posoli\u0107, od\u0142o\u017cy\u0107 na 30 minut.<br \/>\n2. Warzywa pokroi\u0107 drobno lub zetrze\u0107 na jarzynowej tarce, u\u0142o\u017cy\u0107 na dnie garnka.<br \/>\n3. Mi\u0119so podsma\u017cy\u0107 na oliwie z mas\u0142em, u\u0142o\u017cy\u0107 na pokrojonych jarzynach posypa\u0107 pieprzem. Podla\u0107 ? szklanki wody,  dusi\u0107 potraw cz\u0119sto poruszaj\u0105c garnkiem, aby warzywa si\u0119 nie przypali\u0142y.<br \/>\n4. Pod koniec duszenia, kiedy mi\u0119so jest mi\u0119kkie wla\u0107 m\u0105k\u0119 rozpuszczon\u0105 w ? szklanki wody, zagotowa\u0107 raz jeszcze.<br \/>\nPiecze\u0144 podawa\u0107 pokrojon\u0105 w plastry, polan\u0105 sosem z jarzynami.  Najlepiej smakuje z kopytkami lub kluskami \u015bl\u0105skimi.<\/p>\n","protected":false},"excerpt":{"rendered":"<p>(6 porcji) 1 kg schabu karkowego bez kosci, marchew, pietruszka, seler, cebula, 2 pomidory, \u0142y\u017cka oliwy i \u0142y\u017ceczka mas\u0142a, ? \u0142y\u017cki m\u0105ki, \u0142y\u017cka soli, pieprz. 1. Mi\u0119so umy\u0107, posoli\u0107, od\u0142o\u017cy\u0107 na 30 minut. 2. Warzywa pokroi\u0107 drobno lub zetrze\u0107 na jarzynowej tarce, u\u0142o\u017cy\u0107 na dnie garnka. 3. Mi\u0119so podsma\u017cy\u0107 na oliwie z mas\u0142em, u\u0142o\u017cy\u0107 na [&hellip;]<\/p>\n","protected":false},"author":2,"featured_media":0,"comment_status":"open","ping_status":"open","sticky":false,"template":"","format":"standard","meta":{"footnotes":""},"categories":[1],"tags":[],"_links":{"self":[{"href":"https:\/\/blog.polityka.pl\/adamczewski\/wp-json\/wp\/v2\/posts\/9687"}],"collection":[{"href":"https:\/\/blog.polityka.pl\/adamczewski\/wp-json\/wp\/v2\/posts"}],"about":[{"href":"https:\/\/blog.polityka.pl\/adamczewski\/wp-json\/wp\/v2\/types\/post"}],"author":[{"embeddable":true,"href":"https:\/\/blog.polityka.pl\/adamczewski\/wp-json\/wp\/v2\/users\/2"}],"replies":[{"embeddable":true,"href":"https:\/\/blog.polityka.pl\/adamczewski\/wp-json\/wp\/v2\/comments?post=9687"}],"version-history":[{"count":0,"href":"https:\/\/blog.polityka.pl\/adamczewski\/wp-json\/wp\/v2\/posts\/9687\/revisions"}],"wp:attachment":[{"href":"https:\/\/blog.polityka.pl\/adamczewski\/wp-json\/wp\/v2\/media?parent=9687"}],"wp:term":[{"taxonomy":"category","embeddable":true,"href":"https:\/\/blog.polityka.pl\/adamczewski\/wp-json\/wp\/v2\/categories?post=9687"},{"taxonomy":"post_tag","embeddable":true,"href":"https:\/\/blog.polityka.pl\/adamczewski\/wp-json\/wp\/v2\/tags?post=9687"}],"curies":[{"name":"wp","href":"https:\/\/api.w.org\/{rel}","templated":true}]}}