
{"id":9689,"date":"2008-01-20T21:04:45","date_gmt":"2008-01-20T20:04:45","guid":{"rendered":"http:\/\/adamczewscy.pl\/?p=1743"},"modified":"2008-01-20T21:04:45","modified_gmt":"2008-01-20T20:04:45","slug":"kukurydza-z-groszkiem","status":"publish","type":"post","link":"https:\/\/blog.polityka.pl\/adamczewski\/2008\/01\/20\/kukurydza-z-groszkiem\/","title":{"rendered":"Kukurydza z groszkiem"},"content":{"rendered":"<p><em>(4 &#8211; 6 porcji)<br \/>\nPuszka konserwowego groszku (45 dag), puszka kukurydzy cukrowej (45 dag) szklanka mleka, \u0142y\u017cka mas\u0142a i \u0142y\u017cka m\u0105ki, cukier i s\u00f3l do smaku, \u0142y\u017cka siekanej zielonej pietruszki.<\/em><\/p>\n<p>1. Ods\u0105czyc dok\u0142adnie groszek i kukurydz\u0119, wsypa\u0107 do garnka, wla\u0107 mleko i gotowa\u0107 5 minut, aby wi\u0119kszo\u015b\u0107 mleka wyparowa\u0142a.<br \/>\n2. Mas\u0142o wymiesza\u0107 z m\u0105k\u0105, doda\u0107 do groszku z kukurydz\u0105 i gotowa\u0107 2-3 minuty, doprawi\u0107 sola i cukrem do smaku, na koniec posypa\u0107 siekan\u0105 zielon\u0105 pietruszk\u0105.<\/p>\n<p>Tak przyrz\u0105dzona jarzynka jest daniem b\u0142yskawicznym a jednocze\u015bnie niezwykle smacznym. Zamiast siekanej zielonej pietruszki mo\u017cna doda\u0107 siekany koperek lub siekan\u0105 zielenin\u0119 u\u017cy\u0107 do innych da\u0144, jarzynk\u0119 podawa\u0107 bez tego dodatku.<\/p>\n","protected":false},"excerpt":{"rendered":"<p>(4 &#8211; 6 porcji) Puszka konserwowego groszku (45 dag), puszka kukurydzy cukrowej (45 dag) szklanka mleka, \u0142y\u017cka mas\u0142a i \u0142y\u017cka m\u0105ki, cukier i s\u00f3l do smaku, \u0142y\u017cka siekanej zielonej pietruszki. 1. Ods\u0105czyc dok\u0142adnie groszek i kukurydz\u0119, wsypa\u0107 do garnka, wla\u0107 mleko i gotowa\u0107 5 minut, aby wi\u0119kszo\u015b\u0107 mleka wyparowa\u0142a. 2. Mas\u0142o wymiesza\u0107 z m\u0105k\u0105, doda\u0107 [&hellip;]<\/p>\n","protected":false},"author":2,"featured_media":0,"comment_status":"open","ping_status":"open","sticky":false,"template":"","format":"standard","meta":{"footnotes":""},"categories":[1],"tags":[],"_links":{"self":[{"href":"https:\/\/blog.polityka.pl\/adamczewski\/wp-json\/wp\/v2\/posts\/9689"}],"collection":[{"href":"https:\/\/blog.polityka.pl\/adamczewski\/wp-json\/wp\/v2\/posts"}],"about":[{"href":"https:\/\/blog.polityka.pl\/adamczewski\/wp-json\/wp\/v2\/types\/post"}],"author":[{"embeddable":true,"href":"https:\/\/blog.polityka.pl\/adamczewski\/wp-json\/wp\/v2\/users\/2"}],"replies":[{"embeddable":true,"href":"https:\/\/blog.polityka.pl\/adamczewski\/wp-json\/wp\/v2\/comments?post=9689"}],"version-history":[{"count":0,"href":"https:\/\/blog.polityka.pl\/adamczewski\/wp-json\/wp\/v2\/posts\/9689\/revisions"}],"wp:attachment":[{"href":"https:\/\/blog.polityka.pl\/adamczewski\/wp-json\/wp\/v2\/media?parent=9689"}],"wp:term":[{"taxonomy":"category","embeddable":true,"href":"https:\/\/blog.polityka.pl\/adamczewski\/wp-json\/wp\/v2\/categories?post=9689"},{"taxonomy":"post_tag","embeddable":true,"href":"https:\/\/blog.polityka.pl\/adamczewski\/wp-json\/wp\/v2\/tags?post=9689"}],"curies":[{"name":"wp","href":"https:\/\/api.w.org\/{rel}","templated":true}]}}