
{"id":9690,"date":"2008-01-20T21:09:28","date_gmt":"2008-01-20T20:09:28","guid":{"rendered":"http:\/\/adamczewscy.pl\/?p=1744"},"modified":"2008-01-20T21:09:28","modified_gmt":"2008-01-20T20:09:28","slug":"kruchy-placek-z-dzemem-owocowym","status":"publish","type":"post","link":"https:\/\/blog.polityka.pl\/adamczewski\/2008\/01\/20\/kruchy-placek-z-dzemem-owocowym\/","title":{"rendered":"Kruchy placek z d\u017cemem owocowym"},"content":{"rendered":"<p><em>2 i ? szklanki maki, kostka mas\u0142a, 4 ugotowane \u017c\u00f3\u0142tka, ? szklanki cukru, na koniec no\u017ca soli, sk\u00f3rka starta z wyparzonej wrz\u0105tkiem cytryny.<br \/>\nDo prze\u0142o\u017cenia : ? kg d\u017cemu lub powide\u0142.<\/em><\/p>\n<p>1. Z podanych sk\u0142adnik\u00f3w zagnie\u015b\u0107 kruche ciasto najpierw siekaj\u0105c no\u017cem, potem zagniataj\u0105c d\u0142oni\u0105.<br \/>\n2. Rozwa\u0142kowa\u0107 dwa r\u00f3wne p\u0142aty, upiec osobno<br \/>\n3. Po ostudzeniu prze\u0142o\u017cy\u0107 d\u017cemem lub powid\u0142ami, z\u0142o\u017cy\u0107 oba kruche placki,  odstawi\u0107, aby si\u0119 ?sklei\u0142y?.<\/p>\n<p>Placek kruchy mo\u017cna polukrowa\u0107 przygotowuj\u0105c lukier : ? szklanki cukru pudru i tyle soku z cytryny ile potrzebne b\u0119dzie do rozmieszania na lukier o konsystencji \u015bmietany. R\u00f3wno rozsmarowa\u0107 lukier na placku i poczeka\u0107 a\u017c nieco stwardnieje.<br \/>\nPlacek kroi\u0107 w niedu\u017ce prostok\u0105ty.<\/p>\n","protected":false},"excerpt":{"rendered":"<p>2 i ? szklanki maki, kostka mas\u0142a, 4 ugotowane \u017c\u00f3\u0142tka, ? szklanki cukru, na koniec no\u017ca soli, sk\u00f3rka starta z wyparzonej wrz\u0105tkiem cytryny. Do prze\u0142o\u017cenia : ? kg d\u017cemu lub powide\u0142. 1. Z podanych sk\u0142adnik\u00f3w zagnie\u015b\u0107 kruche ciasto najpierw siekaj\u0105c no\u017cem, potem zagniataj\u0105c d\u0142oni\u0105. 2. Rozwa\u0142kowa\u0107 dwa r\u00f3wne p\u0142aty, upiec osobno 3. Po ostudzeniu prze\u0142o\u017cy\u0107 [&hellip;]<\/p>\n","protected":false},"author":2,"featured_media":0,"comment_status":"open","ping_status":"open","sticky":false,"template":"","format":"standard","meta":{"footnotes":""},"categories":[1],"tags":[],"_links":{"self":[{"href":"https:\/\/blog.polityka.pl\/adamczewski\/wp-json\/wp\/v2\/posts\/9690"}],"collection":[{"href":"https:\/\/blog.polityka.pl\/adamczewski\/wp-json\/wp\/v2\/posts"}],"about":[{"href":"https:\/\/blog.polityka.pl\/adamczewski\/wp-json\/wp\/v2\/types\/post"}],"author":[{"embeddable":true,"href":"https:\/\/blog.polityka.pl\/adamczewski\/wp-json\/wp\/v2\/users\/2"}],"replies":[{"embeddable":true,"href":"https:\/\/blog.polityka.pl\/adamczewski\/wp-json\/wp\/v2\/comments?post=9690"}],"version-history":[{"count":0,"href":"https:\/\/blog.polityka.pl\/adamczewski\/wp-json\/wp\/v2\/posts\/9690\/revisions"}],"wp:attachment":[{"href":"https:\/\/blog.polityka.pl\/adamczewski\/wp-json\/wp\/v2\/media?parent=9690"}],"wp:term":[{"taxonomy":"category","embeddable":true,"href":"https:\/\/blog.polityka.pl\/adamczewski\/wp-json\/wp\/v2\/categories?post=9690"},{"taxonomy":"post_tag","embeddable":true,"href":"https:\/\/blog.polityka.pl\/adamczewski\/wp-json\/wp\/v2\/tags?post=9690"}],"curies":[{"name":"wp","href":"https:\/\/api.w.org\/{rel}","templated":true}]}}