
{"id":9691,"date":"2008-01-20T21:10:22","date_gmt":"2008-01-20T20:10:22","guid":{"rendered":"http:\/\/adamczewscy.pl\/?p=1745"},"modified":"2008-01-20T21:10:22","modified_gmt":"2008-01-20T20:10:22","slug":"kruche-precelki-makowe","status":"publish","type":"post","link":"https:\/\/blog.polityka.pl\/adamczewski\/2008\/01\/20\/kruche-precelki-makowe\/","title":{"rendered":"Kruche precelki makowe"},"content":{"rendered":"<p><em>1 i ? szklanki m\u0105ki krupczatki, 15 dag mas\u0142a lub p\u00f3l na p\u00f3l z margaryn\u0105, 3-4 \u0142yzki maku, ? szklanki cukru pudru, 2 \u017c\u00f3\u0142tka (bia\u0142ka nale\u017cy od\u0142o\u017cy\u0107 do smarowania ciastek), 1 jajko.<\/em><\/p>\n<p>1. Do m\u0105ki doda\u0107 mas\u0142o lub mieszank\u0119 mas\u0142a z margaryn\u0105, no\u017cem przesieka\u0107, aby powsta\u0142a jakby grubsza kasza.<br \/>\n2. Do przesiekanej z t\u0142uszczem m\u0105ki doda\u0107 mak, \u017c\u00f3\u0142tka oraz jajko i cukier, zagnie\u015b\u0107 ciasto. Po zagnieceniu w\u0142o\u017cy\u0107 do plastikowego woreczka i odstawi\u0107 c na 30 minut do lod\u00f3wki.<br \/>\n3. Z wyj\u0119tego z lod\u00f3wki ciasta formowa\u0107 wa\u0142eczki o \u015brednicy mniej ni\u017c centymetra, kroi\u0107 na kawa\u0142ki 10 centymetrowe, splata\u0107 w \u00f3semki.<br \/>\n4. Uformowane ciastka posmarowa\u0107 lekko ubitym bia\u0142kiem przy pomocy p\u0119dzelka i piec w nagrzanym piekarniku na z\u0142oto.<\/p>\n","protected":false},"excerpt":{"rendered":"<p>1 i ? szklanki m\u0105ki krupczatki, 15 dag mas\u0142a lub p\u00f3l na p\u00f3l z margaryn\u0105, 3-4 \u0142yzki maku, ? szklanki cukru pudru, 2 \u017c\u00f3\u0142tka (bia\u0142ka nale\u017cy od\u0142o\u017cy\u0107 do smarowania ciastek), 1 jajko. 1. Do m\u0105ki doda\u0107 mas\u0142o lub mieszank\u0119 mas\u0142a z margaryn\u0105, no\u017cem przesieka\u0107, aby powsta\u0142a jakby grubsza kasza. 2. Do przesiekanej z t\u0142uszczem m\u0105ki [&hellip;]<\/p>\n","protected":false},"author":2,"featured_media":0,"comment_status":"open","ping_status":"open","sticky":false,"template":"","format":"standard","meta":{"footnotes":""},"categories":[1],"tags":[],"_links":{"self":[{"href":"https:\/\/blog.polityka.pl\/adamczewski\/wp-json\/wp\/v2\/posts\/9691"}],"collection":[{"href":"https:\/\/blog.polityka.pl\/adamczewski\/wp-json\/wp\/v2\/posts"}],"about":[{"href":"https:\/\/blog.polityka.pl\/adamczewski\/wp-json\/wp\/v2\/types\/post"}],"author":[{"embeddable":true,"href":"https:\/\/blog.polityka.pl\/adamczewski\/wp-json\/wp\/v2\/users\/2"}],"replies":[{"embeddable":true,"href":"https:\/\/blog.polityka.pl\/adamczewski\/wp-json\/wp\/v2\/comments?post=9691"}],"version-history":[{"count":0,"href":"https:\/\/blog.polityka.pl\/adamczewski\/wp-json\/wp\/v2\/posts\/9691\/revisions"}],"wp:attachment":[{"href":"https:\/\/blog.polityka.pl\/adamczewski\/wp-json\/wp\/v2\/media?parent=9691"}],"wp:term":[{"taxonomy":"category","embeddable":true,"href":"https:\/\/blog.polityka.pl\/adamczewski\/wp-json\/wp\/v2\/categories?post=9691"},{"taxonomy":"post_tag","embeddable":true,"href":"https:\/\/blog.polityka.pl\/adamczewski\/wp-json\/wp\/v2\/tags?post=9691"}],"curies":[{"name":"wp","href":"https:\/\/api.w.org\/{rel}","templated":true}]}}