
{"id":9694,"date":"2008-01-20T21:13:17","date_gmt":"2008-01-20T20:13:17","guid":{"rendered":"http:\/\/adamczewscy.pl\/?p=1748"},"modified":"2008-01-20T21:13:17","modified_gmt":"2008-01-20T20:13:17","slug":"kisiel-czekoladowy","status":"publish","type":"post","link":"https:\/\/blog.polityka.pl\/adamczewski\/2008\/01\/20\/kisiel-czekoladowy\/","title":{"rendered":"Kisiel czekoladowy"},"content":{"rendered":"<p><em>2\/3 szklanki m\u0105ki ziemniaczanej, 4 szklanki mleka, 4 tabliczki deserowej czekolady, nieco ponad ? szklanki cukru, kawa\u0142ek laski wanilii.<br \/>\nJako dodatek: szklanka mleka.<\/em><\/p>\n<p>1. Zagotowa\u0107 3 szklanki mleka z po\u0142amanymi tabliczkami czekolady i wanili\u0105.<br \/>\n2. W jednej szklance mleka rozmiesza\u0107 m\u0105k\u0119 ziemniaczan\u0105. Do mleka z m\u0105k\u0105 wlewa\u0107 wrz\u0105ce mleko z czekolad\u0105 i miesza\u0107 nie zestawiaj\u0105c z ognia , a\u017c zg\u0119stnieje.<br \/>\n3. G\u0119sty kisiel przela\u0107 do salaterki i odstawi\u0107 w ch\u0142odne miejsce na kilka godzin.<br \/>\n4. Podaj\u0105c wy\u0142o\u017cy\u0107 na p\u00f3\u0142misek jak babk\u0119, odwracaj\u0105c do g\u00f3ry nogami.<br \/>\nJako dodatek poda\u0107 mleko, kt\u00f3rym polewa\u0107 budy\u0144 jak sosem.<\/p>\n","protected":false},"excerpt":{"rendered":"<p>2\/3 szklanki m\u0105ki ziemniaczanej, 4 szklanki mleka, 4 tabliczki deserowej czekolady, nieco ponad ? szklanki cukru, kawa\u0142ek laski wanilii. Jako dodatek: szklanka mleka. 1. Zagotowa\u0107 3 szklanki mleka z po\u0142amanymi tabliczkami czekolady i wanili\u0105. 2. W jednej szklance mleka rozmiesza\u0107 m\u0105k\u0119 ziemniaczan\u0105. Do mleka z m\u0105k\u0105 wlewa\u0107 wrz\u0105ce mleko z czekolad\u0105 i miesza\u0107 nie zestawiaj\u0105c [&hellip;]<\/p>\n","protected":false},"author":2,"featured_media":0,"comment_status":"open","ping_status":"open","sticky":false,"template":"","format":"standard","meta":{"footnotes":""},"categories":[1],"tags":[],"_links":{"self":[{"href":"https:\/\/blog.polityka.pl\/adamczewski\/wp-json\/wp\/v2\/posts\/9694"}],"collection":[{"href":"https:\/\/blog.polityka.pl\/adamczewski\/wp-json\/wp\/v2\/posts"}],"about":[{"href":"https:\/\/blog.polityka.pl\/adamczewski\/wp-json\/wp\/v2\/types\/post"}],"author":[{"embeddable":true,"href":"https:\/\/blog.polityka.pl\/adamczewski\/wp-json\/wp\/v2\/users\/2"}],"replies":[{"embeddable":true,"href":"https:\/\/blog.polityka.pl\/adamczewski\/wp-json\/wp\/v2\/comments?post=9694"}],"version-history":[{"count":0,"href":"https:\/\/blog.polityka.pl\/adamczewski\/wp-json\/wp\/v2\/posts\/9694\/revisions"}],"wp:attachment":[{"href":"https:\/\/blog.polityka.pl\/adamczewski\/wp-json\/wp\/v2\/media?parent=9694"}],"wp:term":[{"taxonomy":"category","embeddable":true,"href":"https:\/\/blog.polityka.pl\/adamczewski\/wp-json\/wp\/v2\/categories?post=9694"},{"taxonomy":"post_tag","embeddable":true,"href":"https:\/\/blog.polityka.pl\/adamczewski\/wp-json\/wp\/v2\/tags?post=9694"}],"curies":[{"name":"wp","href":"https:\/\/api.w.org\/{rel}","templated":true}]}}