
{"id":9696,"date":"2008-01-20T21:15:15","date_gmt":"2008-01-20T20:15:15","guid":{"rendered":"http:\/\/adamczewscy.pl\/?p=1750"},"modified":"2008-01-20T21:15:15","modified_gmt":"2008-01-20T20:15:15","slug":"kapusta-z-pomidorami","status":"publish","type":"post","link":"https:\/\/blog.polityka.pl\/adamczewski\/2008\/01\/20\/kapusta-z-pomidorami\/","title":{"rendered":"Kapusta z pomidorami"},"content":{"rendered":"<p><em>(4 porcje)<br \/>\n? g\u0142\u00f3wki kapusty, 3-4 pomidory,, 2 kwa\u015bne jab\u0142ka, cebula, 2 \u0142y\u017cki t\u0142uszczu (smalcu ze skwarkami lub mas\u0142a), \u0142y\u017cka m\u0105ki, szczypta kminku, sok cytrynowy do smaku, s\u00f3l, cukier, 2 \u0142y\u017cki siekanego koperku.<\/em><\/p>\n<p>1. Kapust\u0119 oczy\u015bci\u0107 z uszkodzonych li\u015bci, pozosta\u0142e drobno poszatkowa\u0107.<br \/>\n2. Poszatkowan\u0105 kapust\u0119 zala\u0107 wrz\u0105c\u0105 wod\u0105 (oko\u0142o szklanki), doda\u0107 pokrojone w \u0107wiartki jab\u0142ka, odrobin\u0119 soli i cukru oraz kminek. Chwil\u0119 (10 minut) gotowa\u0107.<br \/>\n3. Doda\u0107 obrane ze sk\u00f3rki i pokrojone w \u0107wiartki pomidory. Gotowa\u0107 pod przykryciem do momentu, kiedy kapusta stanie si\u0119 mi\u0119kka.<br \/>\n3. Na patelni rozpu\u015bci\u0107 t\u0142uszcz, doda\u0107 posiekan\u0105 drobno cebul\u0119 i podsma\u017cy\u0107, a\u017c cebula zacznie si\u0119 z\u0142oci\u0107, w\u00f3wczas doda\u0107 m\u0105k\u0119, a kiedy zasma\u017cka spieni si\u0119 i zbieleje doda\u0107 do kapusty, wymiesza\u0107, doprawi\u0107 sol\u0105 i cukrem. Na koniec doda\u0107 siekany koperek.<\/p>\n","protected":false},"excerpt":{"rendered":"<p>(4 porcje) ? g\u0142\u00f3wki kapusty, 3-4 pomidory,, 2 kwa\u015bne jab\u0142ka, cebula, 2 \u0142y\u017cki t\u0142uszczu (smalcu ze skwarkami lub mas\u0142a), \u0142y\u017cka m\u0105ki, szczypta kminku, sok cytrynowy do smaku, s\u00f3l, cukier, 2 \u0142y\u017cki siekanego koperku. 1. Kapust\u0119 oczy\u015bci\u0107 z uszkodzonych li\u015bci, pozosta\u0142e drobno poszatkowa\u0107. 2. Poszatkowan\u0105 kapust\u0119 zala\u0107 wrz\u0105c\u0105 wod\u0105 (oko\u0142o szklanki), doda\u0107 pokrojone w \u0107wiartki jab\u0142ka, [&hellip;]<\/p>\n","protected":false},"author":2,"featured_media":0,"comment_status":"open","ping_status":"open","sticky":false,"template":"","format":"standard","meta":{"footnotes":""},"categories":[1],"tags":[],"_links":{"self":[{"href":"https:\/\/blog.polityka.pl\/adamczewski\/wp-json\/wp\/v2\/posts\/9696"}],"collection":[{"href":"https:\/\/blog.polityka.pl\/adamczewski\/wp-json\/wp\/v2\/posts"}],"about":[{"href":"https:\/\/blog.polityka.pl\/adamczewski\/wp-json\/wp\/v2\/types\/post"}],"author":[{"embeddable":true,"href":"https:\/\/blog.polityka.pl\/adamczewski\/wp-json\/wp\/v2\/users\/2"}],"replies":[{"embeddable":true,"href":"https:\/\/blog.polityka.pl\/adamczewski\/wp-json\/wp\/v2\/comments?post=9696"}],"version-history":[{"count":0,"href":"https:\/\/blog.polityka.pl\/adamczewski\/wp-json\/wp\/v2\/posts\/9696\/revisions"}],"wp:attachment":[{"href":"https:\/\/blog.polityka.pl\/adamczewski\/wp-json\/wp\/v2\/media?parent=9696"}],"wp:term":[{"taxonomy":"category","embeddable":true,"href":"https:\/\/blog.polityka.pl\/adamczewski\/wp-json\/wp\/v2\/categories?post=9696"},{"taxonomy":"post_tag","embeddable":true,"href":"https:\/\/blog.polityka.pl\/adamczewski\/wp-json\/wp\/v2\/tags?post=9696"}],"curies":[{"name":"wp","href":"https:\/\/api.w.org\/{rel}","templated":true}]}}