
{"id":9697,"date":"2008-01-20T21:16:05","date_gmt":"2008-01-20T20:16:05","guid":{"rendered":"http:\/\/adamczewscy.pl\/?p=1751"},"modified":"2008-01-20T21:16:05","modified_gmt":"2008-01-20T20:16:05","slug":"jaja-zapiekane-z-ryzem-w-sosie-pieczarkowym","status":"publish","type":"post","link":"https:\/\/blog.polityka.pl\/adamczewski\/2008\/01\/20\/jaja-zapiekane-z-ryzem-w-sosie-pieczarkowym\/","title":{"rendered":"Jaja zapiekane z ry\u017cem w sosie pieczarkowym"},"content":{"rendered":"<p><em>(4 porcje)<\/p>\n<p>Szklanka ry\u017cu, \u0142y\u017cka mas\u0142a, cebula, s\u00f3l, 8 jaj na twardo, ? szklanki startego na tarce \u017c\u00f3\u0142tego sera., \u0142y\u017cka mas\u0142a do wysmarowania \u017caroodpornego p\u00f3\u0142miska.<br \/>\nNa sos pieczarkowy:20 dag pieczarek, cebula, 2 \u0142y\u017cki mas\u0142a, \u0142y\u017cka m\u0105ki, ? szklanki \u015bmietany, s\u00f3l, pieprz.<\/em><br \/>\n1. Usma\u017cy\u0107 w garnuszku na ma\u015ble drobno posiekan\u0105 cebul\u0119, doda\u0107 ry\u017c, s\u00f3l i 1, 5 szklanki wody Ugotowa\u0107 ry\u017c na sypko.<br \/>\n2. Wy\u0142o\u017cy\u0107 ryz na posmarowany mas\u0142em \u017caroodporny p\u00f3\u0142misek.<br \/>\n3. Obra\u0107 ze skorupek jaja na twardo, pouk\u0142ada\u0107 w rz\u0119dzie na ry\u017cu.<br \/>\n4. Przygotowa\u0107 sos: cebul\u0119 i pieczarki podsma\u017cy\u0107 na 2 \u0142y\u017ckach mas\u0142a, doda\u0107 m\u0105k\u0119, kiedy spieni si\u0119 i zbieleje wla\u0107 ? szklanki wody oraz \u015bmietan\u0119, doprawi\u0107 sol\u0105 i pieprzem i zagotowa\u0107 do lekkiego zg\u0119stnienia.<br \/>\n5. Pola\u0107 sosem ry\u017c z jajkami, posypa\u0107 wierzch startym serem i zapieka\u0107 10 minut w nagrzanym piekarniku, do momentu, a\u017c ser zacznie si\u0119 rumieni\u0107.<\/p>\n","protected":false},"excerpt":{"rendered":"<p>(4 porcje) Szklanka ry\u017cu, \u0142y\u017cka mas\u0142a, cebula, s\u00f3l, 8 jaj na twardo, ? szklanki startego na tarce \u017c\u00f3\u0142tego sera., \u0142y\u017cka mas\u0142a do wysmarowania \u017caroodpornego p\u00f3\u0142miska. Na sos pieczarkowy:20 dag pieczarek, cebula, 2 \u0142y\u017cki mas\u0142a, \u0142y\u017cka m\u0105ki, ? szklanki \u015bmietany, s\u00f3l, pieprz. 1. Usma\u017cy\u0107 w garnuszku na ma\u015ble drobno posiekan\u0105 cebul\u0119, doda\u0107 ry\u017c, s\u00f3l i 1, [&hellip;]<\/p>\n","protected":false},"author":2,"featured_media":0,"comment_status":"open","ping_status":"open","sticky":false,"template":"","format":"standard","meta":{"footnotes":""},"categories":[1],"tags":[],"_links":{"self":[{"href":"https:\/\/blog.polityka.pl\/adamczewski\/wp-json\/wp\/v2\/posts\/9697"}],"collection":[{"href":"https:\/\/blog.polityka.pl\/adamczewski\/wp-json\/wp\/v2\/posts"}],"about":[{"href":"https:\/\/blog.polityka.pl\/adamczewski\/wp-json\/wp\/v2\/types\/post"}],"author":[{"embeddable":true,"href":"https:\/\/blog.polityka.pl\/adamczewski\/wp-json\/wp\/v2\/users\/2"}],"replies":[{"embeddable":true,"href":"https:\/\/blog.polityka.pl\/adamczewski\/wp-json\/wp\/v2\/comments?post=9697"}],"version-history":[{"count":0,"href":"https:\/\/blog.polityka.pl\/adamczewski\/wp-json\/wp\/v2\/posts\/9697\/revisions"}],"wp:attachment":[{"href":"https:\/\/blog.polityka.pl\/adamczewski\/wp-json\/wp\/v2\/media?parent=9697"}],"wp:term":[{"taxonomy":"category","embeddable":true,"href":"https:\/\/blog.polityka.pl\/adamczewski\/wp-json\/wp\/v2\/categories?post=9697"},{"taxonomy":"post_tag","embeddable":true,"href":"https:\/\/blog.polityka.pl\/adamczewski\/wp-json\/wp\/v2\/tags?post=9697"}],"curies":[{"name":"wp","href":"https:\/\/api.w.org\/{rel}","templated":true}]}}