
{"id":9698,"date":"2008-01-20T21:17:38","date_gmt":"2008-01-20T20:17:38","guid":{"rendered":"http:\/\/adamczewscy.pl\/?p=1752"},"modified":"2008-01-20T21:17:38","modified_gmt":"2008-01-20T20:17:38","slug":"jableczna-pianka","status":"publish","type":"post","link":"https:\/\/blog.polityka.pl\/adamczewski\/2008\/01\/20\/jableczna-pianka\/","title":{"rendered":"Jab\u0142eczna pianka"},"content":{"rendered":"<p><em>1 kg jab\u0142ek, 6 \u0142y\u017cek cukru, 4 bia\u0142ka, 2 \u0142y\u017cki p\u0142atk\u00f3w migda\u0142owych.<\/em><\/p>\n<p>1. Jab\u0142ka obra\u0107, pokroi\u0107 na cz\u0105stki, rozgotowa\u0107 na marmolad\u0119 z ? szklanki wody.<br \/>\n2. Przestudzone lekko jab\u0142ka zmiksowa\u0107 i ubija\u0107 ko\u0144c\u00f3wka do bicia piany a\u017c masa jab\u0142eczna zbieleje.<br \/>\n3. Ubi\u0107 sztywna pian\u0119 z bia\u0142ek, pod koniec dodaj\u0105c cukier.<br \/>\n4. Wymiesza\u0107 mas\u0119 jab\u0142eczn\u0105 z pian\u0105.<br \/>\n5. U\u0142o\u017cy\u0107 piank\u0119 jab\u0142eczn\u0105 w formie kopca na \u017caroodpornym p\u00f3\u0142misku, posypa\u0107 p\u0142atkami migda\u0142owymi i zapiec w piekarniku oko\u0142o 40 minut.<\/p>\n<p>Ta pyszna gor\u0105ca legumina mo\u017ce by\u0107 jedzona tak\u017ce na zimno. Mo\u017cemy do niej podawa\u0107<br \/>\nsuche wafle, niezbyt s\u0142odkie kruche ciastka lub waflowe rurki.<\/p>\n","protected":false},"excerpt":{"rendered":"<p>1 kg jab\u0142ek, 6 \u0142y\u017cek cukru, 4 bia\u0142ka, 2 \u0142y\u017cki p\u0142atk\u00f3w migda\u0142owych. 1. Jab\u0142ka obra\u0107, pokroi\u0107 na cz\u0105stki, rozgotowa\u0107 na marmolad\u0119 z ? szklanki wody. 2. Przestudzone lekko jab\u0142ka zmiksowa\u0107 i ubija\u0107 ko\u0144c\u00f3wka do bicia piany a\u017c masa jab\u0142eczna zbieleje. 3. Ubi\u0107 sztywna pian\u0119 z bia\u0142ek, pod koniec dodaj\u0105c cukier. 4. Wymiesza\u0107 mas\u0119 jab\u0142eczn\u0105 z [&hellip;]<\/p>\n","protected":false},"author":2,"featured_media":0,"comment_status":"open","ping_status":"open","sticky":false,"template":"","format":"standard","meta":{"footnotes":""},"categories":[1],"tags":[],"_links":{"self":[{"href":"https:\/\/blog.polityka.pl\/adamczewski\/wp-json\/wp\/v2\/posts\/9698"}],"collection":[{"href":"https:\/\/blog.polityka.pl\/adamczewski\/wp-json\/wp\/v2\/posts"}],"about":[{"href":"https:\/\/blog.polityka.pl\/adamczewski\/wp-json\/wp\/v2\/types\/post"}],"author":[{"embeddable":true,"href":"https:\/\/blog.polityka.pl\/adamczewski\/wp-json\/wp\/v2\/users\/2"}],"replies":[{"embeddable":true,"href":"https:\/\/blog.polityka.pl\/adamczewski\/wp-json\/wp\/v2\/comments?post=9698"}],"version-history":[{"count":0,"href":"https:\/\/blog.polityka.pl\/adamczewski\/wp-json\/wp\/v2\/posts\/9698\/revisions"}],"wp:attachment":[{"href":"https:\/\/blog.polityka.pl\/adamczewski\/wp-json\/wp\/v2\/media?parent=9698"}],"wp:term":[{"taxonomy":"category","embeddable":true,"href":"https:\/\/blog.polityka.pl\/adamczewski\/wp-json\/wp\/v2\/categories?post=9698"},{"taxonomy":"post_tag","embeddable":true,"href":"https:\/\/blog.polityka.pl\/adamczewski\/wp-json\/wp\/v2\/tags?post=9698"}],"curies":[{"name":"wp","href":"https:\/\/api.w.org\/{rel}","templated":true}]}}