
{"id":9699,"date":"2008-01-20T21:19:05","date_gmt":"2008-01-20T20:19:05","guid":{"rendered":"http:\/\/adamczewscy.pl\/?p=1753"},"modified":"2008-01-20T21:19:05","modified_gmt":"2008-01-20T20:19:05","slug":"gryczany-krupnik","status":"publish","type":"post","link":"https:\/\/blog.polityka.pl\/adamczewski\/2008\/01\/20\/gryczany-krupnik\/","title":{"rendered":"Gryczany krupnik"},"content":{"rendered":"<p><em>(6 porcji)<\/p>\n<p>25 dag wieprzowych \u017ceberek lub innego rodzaju  mi\u0119sa, 6 szklanek wody, 1, 5 szklanki kaszy gryczanej,  kostka roso\u0142u drobiowego, marchew, pietruszka, cebula, kawa\u0142ek selera, 6 ziemniak\u00f3w, s\u00f3l, 2 \u0142y\u017cki siekanego koperku.<\/em><\/p>\n<p>1. \u017beberka pokroi\u0107 na niewielkie kawa\u0142ki, pomi\u0119dzy kostkami, zala\u0107 zimn\u0105 wod\u0105, doda\u0107 kasz\u0119 i gotowa\u0107 oko\u0142o 30 minut.<br \/>\n2. Po tym czasie doda\u0107 kostk\u0119 roso\u0142u drobiowego, doda\u0107 obrane i pokrojone na grube kawa\u0142ki warzywa. Gotowa\u0107 15 minut.<br \/>\n3.  Ziemniaki obra\u0107, pokroi\u0107 w drobn\u0105 kostk\u0119 i doda\u0107 do krupniku. Gotowa\u0107 10 minut.<br \/>\nDoprawi\u0107 w razie potrzeby sol\u0105, doda\u0107 siekany koperek.<\/p>\n","protected":false},"excerpt":{"rendered":"<p>(6 porcji) 25 dag wieprzowych \u017ceberek lub innego rodzaju mi\u0119sa, 6 szklanek wody, 1, 5 szklanki kaszy gryczanej, kostka roso\u0142u drobiowego, marchew, pietruszka, cebula, kawa\u0142ek selera, 6 ziemniak\u00f3w, s\u00f3l, 2 \u0142y\u017cki siekanego koperku. 1. \u017beberka pokroi\u0107 na niewielkie kawa\u0142ki, pomi\u0119dzy kostkami, zala\u0107 zimn\u0105 wod\u0105, doda\u0107 kasz\u0119 i gotowa\u0107 oko\u0142o 30 minut. 2. Po tym czasie [&hellip;]<\/p>\n","protected":false},"author":2,"featured_media":0,"comment_status":"open","ping_status":"open","sticky":false,"template":"","format":"standard","meta":{"footnotes":""},"categories":[1],"tags":[],"_links":{"self":[{"href":"https:\/\/blog.polityka.pl\/adamczewski\/wp-json\/wp\/v2\/posts\/9699"}],"collection":[{"href":"https:\/\/blog.polityka.pl\/adamczewski\/wp-json\/wp\/v2\/posts"}],"about":[{"href":"https:\/\/blog.polityka.pl\/adamczewski\/wp-json\/wp\/v2\/types\/post"}],"author":[{"embeddable":true,"href":"https:\/\/blog.polityka.pl\/adamczewski\/wp-json\/wp\/v2\/users\/2"}],"replies":[{"embeddable":true,"href":"https:\/\/blog.polityka.pl\/adamczewski\/wp-json\/wp\/v2\/comments?post=9699"}],"version-history":[{"count":0,"href":"https:\/\/blog.polityka.pl\/adamczewski\/wp-json\/wp\/v2\/posts\/9699\/revisions"}],"wp:attachment":[{"href":"https:\/\/blog.polityka.pl\/adamczewski\/wp-json\/wp\/v2\/media?parent=9699"}],"wp:term":[{"taxonomy":"category","embeddable":true,"href":"https:\/\/blog.polityka.pl\/adamczewski\/wp-json\/wp\/v2\/categories?post=9699"},{"taxonomy":"post_tag","embeddable":true,"href":"https:\/\/blog.polityka.pl\/adamczewski\/wp-json\/wp\/v2\/tags?post=9699"}],"curies":[{"name":"wp","href":"https:\/\/api.w.org\/{rel}","templated":true}]}}